{"id":948,"date":"2026-03-15T08:29:23","date_gmt":"2026-03-15T08:29:23","guid":{"rendered":"http:\/\/www.hgsempai.fr\/carto\/?p=948"},"modified":"2026-03-15T08:29:24","modified_gmt":"2026-03-15T08:29:24","slug":"les-deux-allemagne-en-1949","status":"publish","type":"post","link":"https:\/\/www.hgsempai.fr\/carto\/2026\/03\/15\/les-deux-allemagne-en-1949\/","title":{"rendered":"1949 : la naissance des deux Allemagnes, symbole de la guerre froide en Europe"},"content":{"rendered":"\n<p>La fin du blocus de Berlin en mai 1949 marque un tournant dans l\u2019histoire de l\u2019Allemagne et de l\u2019Europe. En quelques mois, deux \u00c9tats distincts voient le jour, incarnant la division id\u00e9ologique et politique du continent : la R\u00e9publique f\u00e9d\u00e9rale d\u2019Allemagne (RFA) \u00e0 l\u2019Ouest et la R\u00e9publique d\u00e9mocratique allemande (RDA) \u00e0 l\u2019Est. Ces deux entit\u00e9s, n\u00e9es de la guerre froide, vont coexister pendant plus de quarante ans, jusqu\u2019\u00e0 la r\u00e9unification de 1990.<\/p>\n\n\n\n<hr class=\"wp-block-separator has-alpha-channel-opacity\"\/>\n\n\n\n<figure class=\"wp-block-image size-full\"><a href=\"https:\/\/www.hgsempai.fr\/carto\/wp-content\/uploads\/2018\/08\/C2015_allemagne_1949.png\"><img loading=\"lazy\" decoding=\"async\" width=\"921\" height=\"784\" src=\"https:\/\/www.hgsempai.fr\/carto\/wp-content\/uploads\/2018\/08\/C2015_allemagne_1949.png\" alt=\"Carte de l'Allemagne (RFA + RDA) en 1949 avec un zoom sur Berlin\" class=\"wp-image-2147\" srcset=\"https:\/\/www.hgsempai.fr\/carto\/wp-content\/uploads\/2018\/08\/C2015_allemagne_1949.png 921w, https:\/\/www.hgsempai.fr\/carto\/wp-content\/uploads\/2018\/08\/C2015_allemagne_1949-300x255.png 300w, https:\/\/www.hgsempai.fr\/carto\/wp-content\/uploads\/2018\/08\/C2015_allemagne_1949-768x654.png 768w\" sizes=\"auto, (max-width: 921px) 100vw, 921px\" \/><\/a><\/figure>\n","protected":false},"excerpt":{"rendered":"<p>La fin du blocus de Berlin en mai 1949 marque un tournant dans l\u2019histoire de l\u2019Allemagne et de l\u2019Europe. En quelques mois, deux \u00c9tats distincts voient le jour, incarnant la division id\u00e9ologique et politique du continent : la R\u00e9publique f\u00e9d\u00e9rale d\u2019Allemagne (RFA) \u00e0 l\u2019Ouest et la R\u00e9publique d\u00e9mocratique allemande (RDA) \u00e0 l\u2019Est. Ces deux entit\u00e9s, &hellip; <a href=\"https:\/\/www.hgsempai.fr\/carto\/2026\/03\/15\/les-deux-allemagne-en-1949\/\" class=\"more-link\">Continuer la lecture de <span class=\"screen-reader-text\">1949 : la naissance des deux Allemagnes, symbole de la guerre froide en Europe<\/span>  <span class=\"meta-nav\">&rarr;<\/span><\/a><\/p>\n","protected":false},"author":1,"featured_media":0,"comment_status":"open","ping_status":"open","sticky":false,"template":"","format":"standard","meta":{"footnotes":""},"categories":[6],"tags":[427,11,39,133,426,425],"class_list":["post-948","post","type-post","status-publish","format-standard","hentry","category-histoire","tag-427","tag-allemagne","tag-berlin","tag-carte","tag-rda","tag-rfa"],"aioseo_notices":[],"_links":{"self":[{"href":"https:\/\/www.hgsempai.fr\/carto\/wp-json\/wp\/v2\/posts\/948","targetHints":{"allow":["GET"]}}],"collection":[{"href":"https:\/\/www.hgsempai.fr\/carto\/wp-json\/wp\/v2\/posts"}],"about":[{"href":"https:\/\/www.hgsempai.fr\/carto\/wp-json\/wp\/v2\/types\/post"}],"author":[{"embeddable":true,"href":"https:\/\/www.hgsempai.fr\/carto\/wp-json\/wp\/v2\/users\/1"}],"replies":[{"embeddable":true,"href":"https:\/\/www.hgsempai.fr\/carto\/wp-json\/wp\/v2\/comments?post=948"}],"version-history":[{"count":2,"href":"https:\/\/www.hgsempai.fr\/carto\/wp-json\/wp\/v2\/posts\/948\/revisions"}],"predecessor-version":[{"id":2148,"href":"https:\/\/www.hgsempai.fr\/carto\/wp-json\/wp\/v2\/posts\/948\/revisions\/2148"}],"wp:attachment":[{"href":"https:\/\/www.hgsempai.fr\/carto\/wp-json\/wp\/v2\/media?parent=948"}],"wp:term":[{"taxonomy":"category","embeddable":true,"href":"https:\/\/www.hgsempai.fr\/carto\/wp-json\/wp\/v2\/categories?post=948"},{"taxonomy":"post_tag","embeddable":true,"href":"https:\/\/www.hgsempai.fr\/carto\/wp-json\/wp\/v2\/tags?post=948"}],"curies":[{"name":"wp","href":"https:\/\/api.w.org\/{rel}","templated":true}]}}