{"id":847,"date":"2018-03-21T20:28:25","date_gmt":"2018-03-21T20:28:25","guid":{"rendered":"http:\/\/www.hgsempai.fr\/carto\/?p=847"},"modified":"2024-03-26T05:13:16","modified_gmt":"2024-03-26T05:13:16","slug":"linsecurite-alimentaire-au-bresil","status":"publish","type":"post","link":"https:\/\/www.hgsempai.fr\/carto\/2018\/03\/21\/linsecurite-alimentaire-au-bresil\/","title":{"rendered":"L&rsquo;ins\u00e9curit\u00e9 alimentaire au Br\u00e9sil"},"content":{"rendered":"\n<p>L&rsquo;ins\u00e9curit\u00e9 alimentaire au Br\u00e9sil serait en hausse selon l&rsquo;ONU. Selon une nouvelle \u00e9tude de l&rsquo;Organisation des Nations unies pour l&rsquo;alimentation et l&rsquo;agriculture (FAO),<strong> 70,3 M de Br\u00e9siliens ont connu une situation d&rsquo;ins\u00e9curit\u00e9 alimentaire sur la p\u00e9riode 2020-2022, soit un Br\u00e9silien sur trois.<\/strong><\/p>\n\n\n\n<hr class=\"wp-block-separator has-alpha-channel-opacity\"\/>\n\n\n\n<figure class=\"wp-block-image size-large\"><a href=\"https:\/\/www.hgsempai.fr\/carto\/wp-content\/uploads\/2024\/03\/bresil_access_alimentation-1.png\"><img loading=\"lazy\" decoding=\"async\" width=\"722\" height=\"1024\" src=\"https:\/\/www.hgsempai.fr\/carto\/wp-content\/uploads\/2024\/03\/bresil_access_alimentation-1-722x1024.png\" alt=\"Carte du Br\u00e9sil repr\u00e9sentant par \u00e9tat la part des m\u00e9nages en situation d'ins\u00e9curit\u00e9 alimentaire\" class=\"wp-image-1910\" srcset=\"https:\/\/www.hgsempai.fr\/carto\/wp-content\/uploads\/2024\/03\/bresil_access_alimentation-1-722x1024.png 722w, https:\/\/www.hgsempai.fr\/carto\/wp-content\/uploads\/2024\/03\/bresil_access_alimentation-1-211x300.png 211w, https:\/\/www.hgsempai.fr\/carto\/wp-content\/uploads\/2024\/03\/bresil_access_alimentation-1-768x1090.png 768w, https:\/\/www.hgsempai.fr\/carto\/wp-content\/uploads\/2024\/03\/bresil_access_alimentation-1-1082x1536.png 1082w, https:\/\/www.hgsempai.fr\/carto\/wp-content\/uploads\/2024\/03\/bresil_access_alimentation-1-1443x2048.png 1443w, https:\/\/www.hgsempai.fr\/carto\/wp-content\/uploads\/2024\/03\/bresil_access_alimentation-1.png 1498w\" sizes=\"auto, (max-width: 722px) 100vw, 722px\" \/><\/a><\/figure>\n\n\n\n<hr class=\"wp-block-separator has-alpha-channel-opacity\"\/>\n\n\n\n<figure class=\"wp-block-image size-large\"><a href=\"https:\/\/www.hgsempai.fr\/carto\/wp-content\/uploads\/2024\/03\/bresil_access_alimentation_nb.png\"><img loading=\"lazy\" decoding=\"async\" width=\"722\" height=\"1024\" src=\"https:\/\/www.hgsempai.fr\/carto\/wp-content\/uploads\/2024\/03\/bresil_access_alimentation_nb-722x1024.png\" alt=\"Carte en d\u00e9grad\u00e9 de gris du Br\u00e9sil repr\u00e9sentant par \u00e9tat la part des m\u00e9nages en situation d'ins\u00e9curit\u00e9 alimentaire\" class=\"wp-image-1909\" srcset=\"https:\/\/www.hgsempai.fr\/carto\/wp-content\/uploads\/2024\/03\/bresil_access_alimentation_nb-722x1024.png 722w, https:\/\/www.hgsempai.fr\/carto\/wp-content\/uploads\/2024\/03\/bresil_access_alimentation_nb-211x300.png 211w, https:\/\/www.hgsempai.fr\/carto\/wp-content\/uploads\/2024\/03\/bresil_access_alimentation_nb-768x1090.png 768w, https:\/\/www.hgsempai.fr\/carto\/wp-content\/uploads\/2024\/03\/bresil_access_alimentation_nb-1082x1536.png 1082w, https:\/\/www.hgsempai.fr\/carto\/wp-content\/uploads\/2024\/03\/bresil_access_alimentation_nb-1443x2048.png 1443w, https:\/\/www.hgsempai.fr\/carto\/wp-content\/uploads\/2024\/03\/bresil_access_alimentation_nb.png 1498w\" sizes=\"auto, (max-width: 722px) 100vw, 722px\" \/><\/a><\/figure>\n","protected":false},"excerpt":{"rendered":"<p>Cartes pour illustrer une activit\u00e9 sur l&rsquo;ins\u00e9curit\u00e9 alimentaire au Br\u00e9sil<\/p>\n","protected":false},"author":1,"featured_media":0,"comment_status":"open","ping_status":"open","sticky":false,"template":"","format":"standard","meta":{"footnotes":""},"categories":[8],"tags":[366,35,365,367],"class_list":["post-847","post","type-post","status-publish","format-standard","hentry","category-geographie","tag-alimentation","tag-amerique","tag-bresil","tag-insecurite"],"aioseo_notices":[],"_links":{"self":[{"href":"https:\/\/www.hgsempai.fr\/carto\/wp-json\/wp\/v2\/posts\/847","targetHints":{"allow":["GET"]}}],"collection":[{"href":"https:\/\/www.hgsempai.fr\/carto\/wp-json\/wp\/v2\/posts"}],"about":[{"href":"https:\/\/www.hgsempai.fr\/carto\/wp-json\/wp\/v2\/types\/post"}],"author":[{"embeddable":true,"href":"https:\/\/www.hgsempai.fr\/carto\/wp-json\/wp\/v2\/users\/1"}],"replies":[{"embeddable":true,"href":"https:\/\/www.hgsempai.fr\/carto\/wp-json\/wp\/v2\/comments?post=847"}],"version-history":[{"count":4,"href":"https:\/\/www.hgsempai.fr\/carto\/wp-json\/wp\/v2\/posts\/847\/revisions"}],"predecessor-version":[{"id":1913,"href":"https:\/\/www.hgsempai.fr\/carto\/wp-json\/wp\/v2\/posts\/847\/revisions\/1913"}],"wp:attachment":[{"href":"https:\/\/www.hgsempai.fr\/carto\/wp-json\/wp\/v2\/media?parent=847"}],"wp:term":[{"taxonomy":"category","embeddable":true,"href":"https:\/\/www.hgsempai.fr\/carto\/wp-json\/wp\/v2\/categories?post=847"},{"taxonomy":"post_tag","embeddable":true,"href":"https:\/\/www.hgsempai.fr\/carto\/wp-json\/wp\/v2\/tags?post=847"}],"curies":[{"name":"wp","href":"https:\/\/api.w.org\/{rel}","templated":true}]}}