{"id":632,"date":"2017-08-03T09:48:31","date_gmt":"2017-08-03T09:48:31","guid":{"rendered":"http:\/\/www.hgsempai.fr\/carto\/?p=632"},"modified":"2021-11-07T09:28:53","modified_gmt":"2021-11-07T09:28:53","slug":"chretientes-et-islam-au-debut-du-13e-siecle","status":"publish","type":"post","link":"https:\/\/www.hgsempai.fr\/carto\/2017\/08\/03\/chretientes-et-islam-au-debut-du-13e-siecle\/","title":{"rendered":"Chr\u00e9tient\u00e9s et Islam au d\u00e9but du 13e si\u00e8cle"},"content":{"rendered":"\n<div class=\"wp-block-image\"><figure class=\"aligncenter size-full\"><img loading=\"lazy\" decoding=\"async\" width=\"628\" height=\"540\" src=\"https:\/\/www.hgsempai.fr\/carto\/wp-content\/uploads\/2021\/11\/medit_deb_13e.png\" alt=\"\" class=\"wp-image-1620\" srcset=\"https:\/\/www.hgsempai.fr\/carto\/wp-content\/uploads\/2021\/11\/medit_deb_13e.png 628w, https:\/\/www.hgsempai.fr\/carto\/wp-content\/uploads\/2021\/11\/medit_deb_13e-300x258.png 300w\" sizes=\"auto, (max-width: 628px) 100vw, 628px\" \/><\/figure><\/div>\n","protected":false},"excerpt":{"rendered":"","protected":false},"author":1,"featured_media":0,"comment_status":"open","ping_status":"open","sticky":false,"template":"","format":"standard","meta":{"footnotes":""},"categories":[6],"tags":[258,29,17,257,4,22,69,28,259],"class_list":["post-632","post","type-post","status-publish","format-standard","hentry","category-histoire","tag-13e","tag-afrique","tag-asie","tag-chretientes","tag-europe","tag-islam","tag-mediterranee","tag-moyenage","tag-xllle"],"aioseo_notices":[],"_links":{"self":[{"href":"https:\/\/www.hgsempai.fr\/carto\/wp-json\/wp\/v2\/posts\/632","targetHints":{"allow":["GET"]}}],"collection":[{"href":"https:\/\/www.hgsempai.fr\/carto\/wp-json\/wp\/v2\/posts"}],"about":[{"href":"https:\/\/www.hgsempai.fr\/carto\/wp-json\/wp\/v2\/types\/post"}],"author":[{"embeddable":true,"href":"https:\/\/www.hgsempai.fr\/carto\/wp-json\/wp\/v2\/users\/1"}],"replies":[{"embeddable":true,"href":"https:\/\/www.hgsempai.fr\/carto\/wp-json\/wp\/v2\/comments?post=632"}],"version-history":[{"count":2,"href":"https:\/\/www.hgsempai.fr\/carto\/wp-json\/wp\/v2\/posts\/632\/revisions"}],"predecessor-version":[{"id":1621,"href":"https:\/\/www.hgsempai.fr\/carto\/wp-json\/wp\/v2\/posts\/632\/revisions\/1621"}],"wp:attachment":[{"href":"https:\/\/www.hgsempai.fr\/carto\/wp-json\/wp\/v2\/media?parent=632"}],"wp:term":[{"taxonomy":"category","embeddable":true,"href":"https:\/\/www.hgsempai.fr\/carto\/wp-json\/wp\/v2\/categories?post=632"},{"taxonomy":"post_tag","embeddable":true,"href":"https:\/\/www.hgsempai.fr\/carto\/wp-json\/wp\/v2\/tags?post=632"}],"curies":[{"name":"wp","href":"https:\/\/api.w.org\/{rel}","templated":true}]}}