{"id":501,"date":"2016-09-07T14:45:15","date_gmt":"2016-09-07T14:45:15","guid":{"rendered":"http:\/\/www.hgsempai.fr\/carto\/?p=501"},"modified":"2024-08-20T07:42:17","modified_gmt":"2024-08-20T07:42:17","slug":"les-principaux-ports-negriers-europeens-1500-1815","status":"publish","type":"post","link":"https:\/\/www.hgsempai.fr\/carto\/2016\/09\/07\/les-principaux-ports-negriers-europeens-1500-1815\/","title":{"rendered":"Les principaux ports n\u00e9griers europ\u00e9ens (1500 &#8211; 1815)"},"content":{"rendered":"\n<h2 class=\"wp-block-heading\">La carte originale<\/h2>\n\n\n<div class=\"wp-block-image\">\n<figure class=\"aligncenter size-full\"><img loading=\"lazy\" decoding=\"async\" width=\"605\" height=\"732\" src=\"https:\/\/www.hgsempai.fr\/carto\/wp-content\/uploads\/2016\/09\/trafic_negrier.png\" alt=\"Carte repr\u00e9sentant le trafic des principaux ports n\u00e9griers europ\u00e9ens entre 1500 et 1815\" class=\"wp-image-1950\" srcset=\"https:\/\/www.hgsempai.fr\/carto\/wp-content\/uploads\/2016\/09\/trafic_negrier.png 605w, https:\/\/www.hgsempai.fr\/carto\/wp-content\/uploads\/2016\/09\/trafic_negrier-248x300.png 248w\" sizes=\"auto, (max-width: 605px) 100vw, 605px\" \/><\/figure>\n<\/div>\n\n\n<hr class=\"wp-block-separator has-alpha-channel-opacity\"\/>\n\n\n\n<h2 class=\"wp-block-heading\">La version NB pour une insertion dans une fiche d&rsquo;exercice<\/h2>\n\n\n<div class=\"wp-block-image\">\n<figure class=\"aligncenter size-full\"><a href=\"https:\/\/www.hgsempai.fr\/carto\/wp-content\/uploads\/2016\/09\/trafic_negrier_nb.png\"><img loading=\"lazy\" decoding=\"async\" width=\"605\" height=\"732\" src=\"https:\/\/www.hgsempai.fr\/carto\/wp-content\/uploads\/2016\/09\/trafic_negrier_nb.png\" alt=\"\" class=\"wp-image-1952\" srcset=\"https:\/\/www.hgsempai.fr\/carto\/wp-content\/uploads\/2016\/09\/trafic_negrier_nb.png 605w, https:\/\/www.hgsempai.fr\/carto\/wp-content\/uploads\/2016\/09\/trafic_negrier_nb-248x300.png 248w\" sizes=\"auto, (max-width: 605px) 100vw, 605px\" \/><\/a><\/figure>\n<\/div>","protected":false},"excerpt":{"rendered":"<p>La carte originale La version NB pour une insertion dans une fiche d&rsquo;exercice<\/p>\n","protected":false},"author":1,"featured_media":0,"comment_status":"open","ping_status":"open","sticky":false,"template":"","format":"standard","meta":{"footnotes":""},"categories":[6],"tags":[196,70,30,4,73,58,189],"class_list":["post-501","post","type-post","status-publish","format-standard","hentry","category-histoire","tag-196","tag-70","tag-contemporaine","tag-europe","tag-moderne","tag-ports","tag-traite"],"aioseo_notices":[],"_links":{"self":[{"href":"https:\/\/www.hgsempai.fr\/carto\/wp-json\/wp\/v2\/posts\/501","targetHints":{"allow":["GET"]}}],"collection":[{"href":"https:\/\/www.hgsempai.fr\/carto\/wp-json\/wp\/v2\/posts"}],"about":[{"href":"https:\/\/www.hgsempai.fr\/carto\/wp-json\/wp\/v2\/types\/post"}],"author":[{"embeddable":true,"href":"https:\/\/www.hgsempai.fr\/carto\/wp-json\/wp\/v2\/users\/1"}],"replies":[{"embeddable":true,"href":"https:\/\/www.hgsempai.fr\/carto\/wp-json\/wp\/v2\/comments?post=501"}],"version-history":[{"count":2,"href":"https:\/\/www.hgsempai.fr\/carto\/wp-json\/wp\/v2\/posts\/501\/revisions"}],"predecessor-version":[{"id":1953,"href":"https:\/\/www.hgsempai.fr\/carto\/wp-json\/wp\/v2\/posts\/501\/revisions\/1953"}],"wp:attachment":[{"href":"https:\/\/www.hgsempai.fr\/carto\/wp-json\/wp\/v2\/media?parent=501"}],"wp:term":[{"taxonomy":"category","embeddable":true,"href":"https:\/\/www.hgsempai.fr\/carto\/wp-json\/wp\/v2\/categories?post=501"},{"taxonomy":"post_tag","embeddable":true,"href":"https:\/\/www.hgsempai.fr\/carto\/wp-json\/wp\/v2\/tags?post=501"}],"curies":[{"name":"wp","href":"https:\/\/api.w.org\/{rel}","templated":true}]}}