{"id":2149,"date":"2026-03-15T08:45:13","date_gmt":"2026-03-15T08:45:13","guid":{"rendered":"https:\/\/www.hgsempai.fr\/carto\/?p=2149"},"modified":"2026-03-26T22:09:14","modified_gmt":"2026-03-26T22:09:14","slug":"berlin-epicentre-symbolique-de-la-guerre-froide","status":"publish","type":"post","link":"https:\/\/www.hgsempai.fr\/carto\/2026\/03\/15\/berlin-epicentre-symbolique-de-la-guerre-froide\/","title":{"rendered":"Berlin, \u00e9picentre symbolique de la Guerre froide"},"content":{"rendered":"\n<p>Berlin, plus qu\u2019une simple ville, incarne l\u2019un des th\u00e9\u00e2tres les plus embl\u00e9matiques de la Guerre froide. Son histoire, marqu\u00e9e par les tensions Est-Ouest, en fait un terrain d\u2019\u00e9tude privil\u00e9gi\u00e9 pour aborder avec les \u00e9l\u00e8ves les enjeux g\u00e9opolitiques du XXe si\u00e8cle.<\/p>\n\n\n\n<hr class=\"wp-block-separator has-alpha-channel-opacity\"\/>\n\n\n\n<h2 class=\"wp-block-heading\"><strong> Berlin sous occupation alli\u00e9e : une ville divis\u00e9e d\u00e8s 1945<\/strong><\/h2>\n\n\n\n<figure class=\"wp-block-image size-full\"><a href=\"https:\/\/www.hgsempai.fr\/carto\/wp-content\/uploads\/2026\/03\/C2015_occupation_quadripartite_berlin-3.png\"><img loading=\"lazy\" decoding=\"async\" width=\"789\" height=\"882\" src=\"https:\/\/www.hgsempai.fr\/carto\/wp-content\/uploads\/2026\/03\/C2015_occupation_quadripartite_berlin-3.png\" alt=\"\" class=\"wp-image-2175\" srcset=\"https:\/\/www.hgsempai.fr\/carto\/wp-content\/uploads\/2026\/03\/C2015_occupation_quadripartite_berlin-3.png 789w, https:\/\/www.hgsempai.fr\/carto\/wp-content\/uploads\/2026\/03\/C2015_occupation_quadripartite_berlin-3-268x300.png 268w, https:\/\/www.hgsempai.fr\/carto\/wp-content\/uploads\/2026\/03\/C2015_occupation_quadripartite_berlin-3-768x859.png 768w\" sizes=\"auto, (max-width: 789px) 100vw, 789px\" \/><\/a><\/figure>\n\n\n\n<p>\u00c0 l\u2019issue de la Seconde Guerre mondiale, Berlin, bien que situ\u00e9e en zone sovi\u00e9tique, est plac\u00e9e sous occupation quadripartite par les vainqueurs de l\u2019Allemagne nazie : \u00c9tats-Unis, Royaume-Uni, France et URSS. Cette division, mat\u00e9rialis\u00e9e par des secteurs d\u2019occupation distincts, refl\u00e8te d\u00e8s 1945 les premi\u00e8res fissures entre les Alli\u00e9s. La carte de l\u2019occupation quadripartite de Berlin illustre parfaitement cette fragmentation administrative, pr\u00e9figurant les tensions \u00e0 venir.<\/p>\n\n\n\n<hr class=\"wp-block-separator has-alpha-channel-opacity\"\/>\n\n\n\n<h2 class=\"wp-block-heading\"><strong>La cr\u00e9ation de la RFA et de la RDA : Berlin, ville coup\u00e9e en deux<\/strong><\/h2>\n\n\n\n<figure class=\"wp-block-image size-full\"><a href=\"https:\/\/www.hgsempai.fr\/carto\/wp-content\/uploads\/2026\/03\/C2015_berlin_1949.png\"><img loading=\"lazy\" decoding=\"async\" width=\"737\" height=\"648\" src=\"https:\/\/www.hgsempai.fr\/carto\/wp-content\/uploads\/2026\/03\/C2015_berlin_1949.png\" alt=\"Carte de Berlin en 1949\" class=\"wp-image-2151\" srcset=\"https:\/\/www.hgsempai.fr\/carto\/wp-content\/uploads\/2026\/03\/C2015_berlin_1949.png 737w, https:\/\/www.hgsempai.fr\/carto\/wp-content\/uploads\/2026\/03\/C2015_berlin_1949-300x264.png 300w\" sizes=\"auto, (max-width: 737px) 100vw, 737px\" \/><\/a><\/figure>\n\n\n\n<p>En 1949, la cr\u00e9ation de la R\u00e9publique f\u00e9d\u00e9rale d\u2019Allemagne (RFA) \u00e0 l\u2019Ouest et de la R\u00e9publique d\u00e9mocratique allemande (RDA) \u00e0 l\u2019Est actera la division de l\u2019Allemagne \u2013 et de Berlin. La ville, d\u00e9sormais scind\u00e9e entre Berlin-Ouest (sous influence occidentale) et Berlin-Est (capitale de la RDA), devient le symbole concret de la bipolarisation du monde.<\/p>\n","protected":false},"excerpt":{"rendered":"<p>Berlin, plus qu\u2019une simple ville, incarne l\u2019un des th\u00e9\u00e2tres les plus embl\u00e9matiques de la Guerre froide. Son histoire, marqu\u00e9e par les tensions Est-Ouest, en fait un terrain d\u2019\u00e9tude privil\u00e9gi\u00e9 pour aborder avec les \u00e9l\u00e8ves les enjeux g\u00e9opolitiques du XXe si\u00e8cle. Berlin sous occupation alli\u00e9e : une ville divis\u00e9e d\u00e8s 1945 \u00c0 l\u2019issue de la Seconde &hellip; <a href=\"https:\/\/www.hgsempai.fr\/carto\/2026\/03\/15\/berlin-epicentre-symbolique-de-la-guerre-froide\/\" class=\"more-link\">Continuer la lecture de <span class=\"screen-reader-text\">Berlin, \u00e9picentre symbolique de la Guerre froide<\/span>  <span class=\"meta-nav\">&rarr;<\/span><\/a><\/p>\n","protected":false},"author":1,"featured_media":0,"comment_status":"open","ping_status":"open","sticky":false,"template":"","format":"standard","meta":{"footnotes":""},"categories":[6],"tags":[427,39,133,27],"class_list":["post-2149","post","type-post","status-publish","format-standard","hentry","category-histoire","tag-427","tag-berlin","tag-carte","tag-histoire"],"aioseo_notices":[],"_links":{"self":[{"href":"https:\/\/www.hgsempai.fr\/carto\/wp-json\/wp\/v2\/posts\/2149","targetHints":{"allow":["GET"]}}],"collection":[{"href":"https:\/\/www.hgsempai.fr\/carto\/wp-json\/wp\/v2\/posts"}],"about":[{"href":"https:\/\/www.hgsempai.fr\/carto\/wp-json\/wp\/v2\/types\/post"}],"author":[{"embeddable":true,"href":"https:\/\/www.hgsempai.fr\/carto\/wp-json\/wp\/v2\/users\/1"}],"replies":[{"embeddable":true,"href":"https:\/\/www.hgsempai.fr\/carto\/wp-json\/wp\/v2\/comments?post=2149"}],"version-history":[{"count":2,"href":"https:\/\/www.hgsempai.fr\/carto\/wp-json\/wp\/v2\/posts\/2149\/revisions"}],"predecessor-version":[{"id":2176,"href":"https:\/\/www.hgsempai.fr\/carto\/wp-json\/wp\/v2\/posts\/2149\/revisions\/2176"}],"wp:attachment":[{"href":"https:\/\/www.hgsempai.fr\/carto\/wp-json\/wp\/v2\/media?parent=2149"}],"wp:term":[{"taxonomy":"category","embeddable":true,"href":"https:\/\/www.hgsempai.fr\/carto\/wp-json\/wp\/v2\/categories?post=2149"},{"taxonomy":"post_tag","embeddable":true,"href":"https:\/\/www.hgsempai.fr\/carto\/wp-json\/wp\/v2\/tags?post=2149"}],"curies":[{"name":"wp","href":"https:\/\/api.w.org\/{rel}","templated":true}]}}