{"id":2005,"date":"2024-10-29T16:49:40","date_gmt":"2024-10-29T16:49:40","guid":{"rendered":"https:\/\/www.hgsempai.fr\/carto\/?p=2005"},"modified":"2024-10-29T16:49:42","modified_gmt":"2024-10-29T16:49:42","slug":"les-refugies-dans-le-monde-en-2023","status":"publish","type":"post","link":"https:\/\/www.hgsempai.fr\/carto\/2024\/10\/29\/les-refugies-dans-le-monde-en-2023\/","title":{"rendered":"Les r\u00e9fugi\u00e9s dans le monde en 2023"},"content":{"rendered":"\n<p>On estime qu&rsquo;\u00e0 la fin de l&rsquo;ann\u00e9e 2023, 117,3 millions de personnes \u00e9taient d\u00e9plac\u00e9es de force \u00e0 travers le monde en raison de pers\u00e9cutions, de conflits, de violences, de violations des droits humains ou d&rsquo;\u00e9v\u00e9nements troublant gravement l&rsquo;ordre public.<\/p>\n\n\n\n<h2 class=\"wp-block-heading\">La carte de synth\u00e8se<\/h2>\n\n\n\n<figure class=\"wp-block-image size-large\"><a href=\"https:\/\/www.hgsempai.fr\/carto\/wp-content\/uploads\/2024\/10\/refugies_monde_2023.png\"><img loading=\"lazy\" decoding=\"async\" width=\"1024\" height=\"838\" src=\"https:\/\/www.hgsempai.fr\/carto\/wp-content\/uploads\/2024\/10\/refugies_monde_2023-1024x838.png\" alt=\"Carte repr\u00e9sentant les r\u00e9fugi\u00e9s dans le monde en 2023 en fonction de leurs pays de d\u00e9part et du pays d'arriv\u00e9e\" class=\"wp-image-2006\" srcset=\"https:\/\/www.hgsempai.fr\/carto\/wp-content\/uploads\/2024\/10\/refugies_monde_2023-1024x838.png 1024w, https:\/\/www.hgsempai.fr\/carto\/wp-content\/uploads\/2024\/10\/refugies_monde_2023-300x245.png 300w, https:\/\/www.hgsempai.fr\/carto\/wp-content\/uploads\/2024\/10\/refugies_monde_2023-768x628.png 768w, https:\/\/www.hgsempai.fr\/carto\/wp-content\/uploads\/2024\/10\/refugies_monde_2023.png 1099w\" sizes=\"auto, (max-width: 1024px) 100vw, 1024px\" \/><\/a><\/figure>\n\n\n\n<hr class=\"wp-block-separator has-alpha-channel-opacity\"\/>\n\n\n\n<h2 class=\"wp-block-heading\">La carte retravaill\u00e9e pour comparer zones de d\u00e9part et zones d&rsquo;arriv\u00e9e<\/h2>\n\n\n\n<figure class=\"wp-block-image size-large\"><a href=\"https:\/\/www.hgsempai.fr\/carto\/wp-content\/uploads\/2024\/10\/refugies_monde_20232cartes.png\"><img loading=\"lazy\" decoding=\"async\" width=\"1024\" height=\"989\" src=\"https:\/\/www.hgsempai.fr\/carto\/wp-content\/uploads\/2024\/10\/refugies_monde_20232cartes-1024x989.png\" alt=\"Cartes repr\u00e9sentant les r\u00e9fugi\u00e9s dans le monde en 2023 en fonction de leurs pays de d\u00e9part et du pays d'arriv\u00e9e\" class=\"wp-image-2007\" srcset=\"https:\/\/www.hgsempai.fr\/carto\/wp-content\/uploads\/2024\/10\/refugies_monde_20232cartes-1024x989.png 1024w, https:\/\/www.hgsempai.fr\/carto\/wp-content\/uploads\/2024\/10\/refugies_monde_20232cartes-300x290.png 300w, https:\/\/www.hgsempai.fr\/carto\/wp-content\/uploads\/2024\/10\/refugies_monde_20232cartes-768x742.png 768w, https:\/\/www.hgsempai.fr\/carto\/wp-content\/uploads\/2024\/10\/refugies_monde_20232cartes.png 1097w\" sizes=\"auto, (max-width: 1024px) 100vw, 1024px\" \/><\/a><\/figure>\n\n\n\n<hr class=\"wp-block-separator has-alpha-channel-opacity\"\/>\n\n\n\n<h2 class=\"wp-block-heading\">La version NB pour insertion sur une fiche<\/h2>\n\n\n\n<figure class=\"wp-block-image size-large\"><a href=\"https:\/\/www.hgsempai.fr\/carto\/wp-content\/uploads\/2024\/10\/refugies_monde_2023_nb2cartes.png\"><img loading=\"lazy\" decoding=\"async\" width=\"1024\" height=\"989\" src=\"https:\/\/www.hgsempai.fr\/carto\/wp-content\/uploads\/2024\/10\/refugies_monde_2023_nb2cartes-1024x989.png\" alt=\"Cartes noir et blanc repr\u00e9sentant les r\u00e9fugi\u00e9s dans le monde en 2023 en fonction de leurs pays de d\u00e9part et du pays d'arriv\u00e9e\" class=\"wp-image-2008\" srcset=\"https:\/\/www.hgsempai.fr\/carto\/wp-content\/uploads\/2024\/10\/refugies_monde_2023_nb2cartes-1024x989.png 1024w, https:\/\/www.hgsempai.fr\/carto\/wp-content\/uploads\/2024\/10\/refugies_monde_2023_nb2cartes-300x290.png 300w, https:\/\/www.hgsempai.fr\/carto\/wp-content\/uploads\/2024\/10\/refugies_monde_2023_nb2cartes-768x742.png 768w, https:\/\/www.hgsempai.fr\/carto\/wp-content\/uploads\/2024\/10\/refugies_monde_2023_nb2cartes.png 1097w\" sizes=\"auto, (max-width: 1024px) 100vw, 1024px\" \/><\/a><\/figure>\n","protected":false},"excerpt":{"rendered":"<p>On estime qu&rsquo;\u00e0 la fin de l&rsquo;ann\u00e9e 2023, 117,3 millions de personnes \u00e9taient d\u00e9plac\u00e9es de force \u00e0 travers le monde en raison de pers\u00e9cutions, de conflits, de violences, de violations des droits humains ou d&rsquo;\u00e9v\u00e9nements troublant gravement l&rsquo;ordre public. La carte de synth\u00e8se La carte retravaill\u00e9e pour comparer zones de d\u00e9part et zones d&rsquo;arriv\u00e9e La &hellip; <a href=\"https:\/\/www.hgsempai.fr\/carto\/2024\/10\/29\/les-refugies-dans-le-monde-en-2023\/\" class=\"more-link\">Continuer la lecture de <span class=\"screen-reader-text\">Les r\u00e9fugi\u00e9s dans le monde en 2023<\/span>  <span class=\"meta-nav\">&rarr;<\/span><\/a><\/p>\n","protected":false},"author":1,"featured_media":0,"comment_status":"open","ping_status":"open","sticky":false,"template":"","format":"standard","meta":{"footnotes":""},"categories":[8],"tags":[757,66,5,690],"class_list":["post-2005","post","type-post","status-publish","format-standard","hentry","category-geographie","tag-757","tag-migration","tag-monde","tag-refugies"],"aioseo_notices":[],"_links":{"self":[{"href":"https:\/\/www.hgsempai.fr\/carto\/wp-json\/wp\/v2\/posts\/2005","targetHints":{"allow":["GET"]}}],"collection":[{"href":"https:\/\/www.hgsempai.fr\/carto\/wp-json\/wp\/v2\/posts"}],"about":[{"href":"https:\/\/www.hgsempai.fr\/carto\/wp-json\/wp\/v2\/types\/post"}],"author":[{"embeddable":true,"href":"https:\/\/www.hgsempai.fr\/carto\/wp-json\/wp\/v2\/users\/1"}],"replies":[{"embeddable":true,"href":"https:\/\/www.hgsempai.fr\/carto\/wp-json\/wp\/v2\/comments?post=2005"}],"version-history":[{"count":1,"href":"https:\/\/www.hgsempai.fr\/carto\/wp-json\/wp\/v2\/posts\/2005\/revisions"}],"predecessor-version":[{"id":2009,"href":"https:\/\/www.hgsempai.fr\/carto\/wp-json\/wp\/v2\/posts\/2005\/revisions\/2009"}],"wp:attachment":[{"href":"https:\/\/www.hgsempai.fr\/carto\/wp-json\/wp\/v2\/media?parent=2005"}],"wp:term":[{"taxonomy":"category","embeddable":true,"href":"https:\/\/www.hgsempai.fr\/carto\/wp-json\/wp\/v2\/categories?post=2005"},{"taxonomy":"post_tag","embeddable":true,"href":"https:\/\/www.hgsempai.fr\/carto\/wp-json\/wp\/v2\/tags?post=2005"}],"curies":[{"name":"wp","href":"https:\/\/api.w.org\/{rel}","templated":true}]}}