{"id":820,"date":"2013-05-21T20:03:00","date_gmt":"2013-05-21T20:03:00","guid":{"rendered":"http:\/\/www.hgsempai.fr\/atelier\/?p=820"},"modified":"2023-08-29T06:32:14","modified_gmt":"2023-08-29T06:32:14","slug":"le-monde-depuis-1991","status":"publish","type":"post","link":"https:\/\/www.hgsempai.fr\/atelier\/?p=820","title":{"rendered":"Le monde depuis 1991"},"content":{"rendered":"\n<div>\n<ul>\n<li>Un pearltrees sur le sujet<\/li>\n<\/ul>\n<p><object data=\"http:\/\/cdn.pearltrees.com\/s\/embed\/getApp\" type=\"application\/x-shockwave-flash\" width=\"560\" height=\"420\"><param name=\"flashvars\" value=\"lang=fr_FR&amp;embedId=pt-embed-5436697-35&amp;treeId=5436697&amp;pearlId=49060680&amp;treeTitle=T4-%20LE%20MONDE%20DEPUIS%20LE%20DEBUT%20DES%20ANN%C3%89ES%201990&amp;site=www.pearltrees.com%2F\"><param name=\"wmode\" value=\"opaque\"><param name=\"allowscriptaccess\" value=\"always\"><param name=\"src\" value=\"http:\/\/cdn.pearltrees.com\/s\/embed\/getApp\"><a href=\"http:\/\/www.pearltrees.com\/hg_sempai\/monde-depuis-debut-annees-1990\/id5436697\" style=\"text-decoration: underline;\"><span style=\"font-size: 14pt; color: black; font-weight: bold;\">T4- LE MONDE DEPUIS LE DEBUT DES ANN\u00c9ES 1990<\/span><span style=\"font-size: 10pt; color: #999999; font-weight: normal;\"> dans III &#8211; UNE G\u00c9OPOLITIQUE MONDIALE (DEPUIS 1945)<\/span><\/a><\/object><\/p>\n<ul>\n<li>Une fiche d&rsquo;activit\u00e9 tr\u00e8s largement bas\u00e9e sur une id\u00e9e originale de <a href=\"http:\/\/laurentfillion.wordpress.com\/\">Laurent Fillion<\/a> qui permet de traiter les principaux \u00e9v\u00e8nements tout en construisant la carte de synth\u00e8se (manuel utilis\u00e9: Hatier) :&nbsp;<a href=\"https:\/\/www.hgsempai.fr\/atelier\/wp-content\/uploads\/2013\/05\/86812397.pdf\">monde_dep_1991_elev<\/a>. La fiche corrig\u00e9e au format pdf:&nbsp;<a href=\"https:\/\/www.hgsempai.fr\/atelier\/wp-content\/uploads\/2013\/05\/86867959.pdf\">monde_dep_1991<\/a>.<\/li>\n<li>La carte de synth\u00e8se seule au &nbsp;format .png pour insertion sur un blog ou un site (<a href=\"https:\/\/www.hgsempai.fr\/atelier\/wp-content\/uploads\/2013\/05\/87048757.png\">monde_dep_1991_synthese<\/a>)<\/li>\n<\/ul>\n<div style=\"clear: both;\">&nbsp;<\/div>\n<\/div>\n","protected":false},"excerpt":{"rendered":"<p>Un pearltrees sur le sujet T4- LE MONDE DEPUIS LE DEBUT DES ANN\u00c9ES 1990 dans III &#8211; UNE G\u00c9OPOLITIQUE MONDIALE (DEPUIS 1945) Une fiche d&rsquo;activit\u00e9 tr\u00e8s largement bas\u00e9e sur une id\u00e9e originale&#46;&#46;&#46;<\/p>\n","protected":false},"author":2,"featured_media":823,"comment_status":"open","ping_status":"open","sticky":false,"template":"","format":"standard","meta":{"footnotes":""},"categories":[165],"tags":[9,351,22,322,200],"class_list":["post-820","post","type-post","status-publish","format-standard","has-post-thumbnail","hentry","category-histoire","tag-9","tag-3h2l4","tag-3h3t3","tag-histoire","tag-monde-depuis-1991"],"_links":{"self":[{"href":"https:\/\/www.hgsempai.fr\/atelier\/index.php?rest_route=\/wp\/v2\/posts\/820","targetHints":{"allow":["GET"]}}],"collection":[{"href":"https:\/\/www.hgsempai.fr\/atelier\/index.php?rest_route=\/wp\/v2\/posts"}],"about":[{"href":"https:\/\/www.hgsempai.fr\/atelier\/index.php?rest_route=\/wp\/v2\/types\/post"}],"author":[{"embeddable":true,"href":"https:\/\/www.hgsempai.fr\/atelier\/index.php?rest_route=\/wp\/v2\/users\/2"}],"replies":[{"embeddable":true,"href":"https:\/\/www.hgsempai.fr\/atelier\/index.php?rest_route=%2Fwp%2Fv2%2Fcomments&post=820"}],"version-history":[{"count":2,"href":"https:\/\/www.hgsempai.fr\/atelier\/index.php?rest_route=\/wp\/v2\/posts\/820\/revisions"}],"predecessor-version":[{"id":4572,"href":"https:\/\/www.hgsempai.fr\/atelier\/index.php?rest_route=\/wp\/v2\/posts\/820\/revisions\/4572"}],"wp:featuredmedia":[{"embeddable":true,"href":"https:\/\/www.hgsempai.fr\/atelier\/index.php?rest_route=\/wp\/v2\/media\/823"}],"wp:attachment":[{"href":"https:\/\/www.hgsempai.fr\/atelier\/index.php?rest_route=%2Fwp%2Fv2%2Fmedia&parent=820"}],"wp:term":[{"taxonomy":"category","embeddable":true,"href":"https:\/\/www.hgsempai.fr\/atelier\/index.php?rest_route=%2Fwp%2Fv2%2Fcategories&post=820"},{"taxonomy":"post_tag","embeddable":true,"href":"https:\/\/www.hgsempai.fr\/atelier\/index.php?rest_route=%2Fwp%2Fv2%2Ftags&post=820"}],"curies":[{"name":"wp","href":"https:\/\/api.w.org\/{rel}","templated":true}]}}