{"id":752,"date":"2013-11-11T22:15:00","date_gmt":"2013-11-11T22:15:00","guid":{"rendered":"http:\/\/www.hgsempai.fr\/atelier\/?p=752"},"modified":"2019-11-22T16:57:45","modified_gmt":"2019-11-22T16:57:45","slug":"douce-france-ou-la-france-en-cartes","status":"publish","type":"post","link":"https:\/\/www.hgsempai.fr\/atelier\/?p=752","title":{"rendered":"\u00ab\u00a0Douce France\u00a0\u00bb ou la France en cartes"},"content":{"rendered":"<div>\n<ul>\n<ul>\n<li>Une carte des domaines climatiques de la France m\u00e9tropolitaine au format flash (<a href=\"http:\/\/p5.storage.canalblog.com\/53\/50\/955367\/91424080.swf\">france_climat<\/a>), pdf (<a href=\"http:\/\/p2.storage.canalblog.com\/21\/63\/955367\/91424083.pdf\">france_climat<\/a>), png(<a href=\"http:\/\/p7.storage.canalblog.com\/78\/29\/955367\/91424086.png\">france_climat<\/a>)<\/li>\n<li>Le petit quizz pour v\u00e9rifier que la carte des domaines climatiques est ma\u00eetris\u00e9e :<\/li>\n<\/ul>\n<\/ul>\n<p><iframe loading=\"lazy\" src=\"http:\/\/fr.educaplay.com\/fr\/activiteeducatives\/1096573\/html5\/les_climats_fran_ais.htm\" width=\"600\" height=\"690\"><\/iframe><a href=\"http:\/\/fr.educaplay.com\/fr\/activiteeducatives\/1096573\/les_climats_fran_ais.htm\">Les climats fran\u00e7ais<\/a><\/p>\n<ul>\n<ul>\n<li>Une carte du relief au format &nbsp;pdf (<a href=\"http:\/\/p8.storage.canalblog.com\/82\/53\/955367\/91437680.pdf\">relief<\/a>) et png (<a href=\"http:\/\/p1.storage.canalblog.com\/19\/96\/955367\/91437688.png\">relief<\/a>)<\/li>\n<li>Le quizz de r\u00e9vision pour v\u00e9rifier que la carte est bien ma\u00eetris\u00e9e:<\/li>\n<\/ul>\n<\/ul>\n<p><iframe loading=\"lazy\" src=\"http:\/\/fr.educaplay.com\/fr\/activiteeducatives\/1098235\/html5\/le_relief_de_la_france.htm\" width=\"600\" height=\"690\"><\/iframe><a href=\"http:\/\/fr.educaplay.com\/fr\/activiteeducatives\/1098235\/le_relief_de_la_france.htm\">Le relief de la France<\/a><\/p>\n<ul>\n<li>Une&nbsp;carte de l&rsquo;industrie au format pdf (<a href=\"https:\/\/www.hgsempai.fr\/atelier\/wp-content\/uploads\/2013\/11\/91424131.pdf\">industrie<\/a>), png (<a href=\"https:\/\/www.hgsempai.fr\/atelier\/wp-content\/uploads\/2013\/11\/91424138.png\">industrie<\/a>)<\/li>\n<li>Une&nbsp;carte illustrant l&rsquo;aspect que la France joue en Europe au format &nbsp;pdf (<a href=\"https:\/\/www.hgsempai.fr\/atelier\/wp-content\/uploads\/2013\/11\/91424151.pdf\">france_carrefour_europ<\/a>), png (<a href=\"https:\/\/www.hgsempai.fr\/atelier\/wp-content\/uploads\/2013\/11\/91424157.png\">france_carrefour_europ<\/a>)<\/li>\n<li>La carte des r\u00e9gions en France en fpdf (<a href=\"http:\/\/p2.storage.canalblog.com\/25\/37\/955367\/91472951.pdf\">france_region<\/a>) et png (<a href=\"http:\/\/p7.storage.canalblog.com\/78\/94\/955367\/91472656.png\">france_region<\/a>). La m\u00eame en version m\u00e9tropolitaine en pdf (<a href=\"http:\/\/p6.storage.canalblog.com\/69\/04\/955367\/91472683.pdf\">france_region2<\/a>) ou en png (<a href=\"http:\/\/p5.storage.canalblog.com\/51\/14\/955367\/91472704.png\">france_region2<\/a>)<\/li>\n<li>La carte du tourisme en France au format pdf (<a href=\"https:\/\/www.hgsempai.fr\/atelier\/wp-content\/uploads\/2013\/11\/91476728.pdf\">tourisme<\/a>) et png (<a href=\"https:\/\/www.hgsempai.fr\/atelier\/wp-content\/uploads\/2013\/11\/91476740.png\">tourisme<\/a>)<\/li>\n<li>La carte de la France dans le monde est disponible <a href=\"https:\/\/www.hgsempai.fr\/atelier\/?p=670\" target=\"_blank\" rel=\"noopener noreferrer\">ici<\/a>.<\/li>\n<li>une fiche de synth\u00e8se sur le territoire fran\u00e7ais :&nbsp;<a href=\"https:\/\/www.hgsempai.fr\/atelier\/wp-content\/uploads\/2013\/11\/91909303.pdf\">synth_terr_fra<\/a><\/li>\n<li>une carte du r\u00e9seau urbain fran\u00e7ais au format pdf (<a href=\"https:\/\/www.hgsempai.fr\/atelier\/wp-content\/uploads\/2013\/11\/93867105.pdf\">r_seau_urb_fra3<\/a>) et png (<a href=\"https:\/\/www.hgsempai.fr\/atelier\/wp-content\/uploads\/2013\/11\/93867113.png\">r_seau_urb_fra3<\/a>)<\/li>\n<\/ul>\n<div style=\"clear: both;\"><\/div>\n<\/div>\n","protected":false},"excerpt":{"rendered":"<p>Une carte des domaines climatiques de la France m\u00e9tropolitaine au format flash (france_climat), pdf (france_climat), png(france_climat) Le petit quizz pour v\u00e9rifier que la carte des domaines climatiques est ma\u00eetris\u00e9e : Les climats&#46;&#46;&#46;<\/p>\n","protected":false},"author":2,"featured_media":20,"comment_status":"open","ping_status":"open","sticky":false,"template":"","format":"standard","meta":{"footnotes":""},"categories":[284],"tags":[10,361,15,84,85,100,152,162,167,26,239],"class_list":["post-752","post","type-post","status-publish","format-standard","has-post-thumbnail","hentry","category-geographie-2","tag-3g1t1","tag-3g2l1","tag-3g3t2","tag-carrefour","tag-carte","tag-climat","tag-france","tag-geographie","tag-industrie","tag-recherche-par-lecon","tag-relief"],"_links":{"self":[{"href":"https:\/\/www.hgsempai.fr\/atelier\/index.php?rest_route=\/wp\/v2\/posts\/752","targetHints":{"allow":["GET"]}}],"collection":[{"href":"https:\/\/www.hgsempai.fr\/atelier\/index.php?rest_route=\/wp\/v2\/posts"}],"about":[{"href":"https:\/\/www.hgsempai.fr\/atelier\/index.php?rest_route=\/wp\/v2\/types\/post"}],"author":[{"embeddable":true,"href":"https:\/\/www.hgsempai.fr\/atelier\/index.php?rest_route=\/wp\/v2\/users\/2"}],"replies":[{"embeddable":true,"href":"https:\/\/www.hgsempai.fr\/atelier\/index.php?rest_route=%2Fwp%2Fv2%2Fcomments&post=752"}],"version-history":[{"count":2,"href":"https:\/\/www.hgsempai.fr\/atelier\/index.php?rest_route=\/wp\/v2\/posts\/752\/revisions"}],"predecessor-version":[{"id":2518,"href":"https:\/\/www.hgsempai.fr\/atelier\/index.php?rest_route=\/wp\/v2\/posts\/752\/revisions\/2518"}],"wp:featuredmedia":[{"embeddable":true,"href":"https:\/\/www.hgsempai.fr\/atelier\/index.php?rest_route=\/wp\/v2\/media\/20"}],"wp:attachment":[{"href":"https:\/\/www.hgsempai.fr\/atelier\/index.php?rest_route=%2Fwp%2Fv2%2Fmedia&parent=752"}],"wp:term":[{"taxonomy":"category","embeddable":true,"href":"https:\/\/www.hgsempai.fr\/atelier\/index.php?rest_route=%2Fwp%2Fv2%2Fcategories&post=752"},{"taxonomy":"post_tag","embeddable":true,"href":"https:\/\/www.hgsempai.fr\/atelier\/index.php?rest_route=%2Fwp%2Fv2%2Ftags&post=752"}],"curies":[{"name":"wp","href":"https:\/\/api.w.org\/{rel}","templated":true}]}}