{"id":5232,"date":"2026-05-02T07:31:00","date_gmt":"2026-05-02T07:31:00","guid":{"rendered":"https:\/\/www.hgsempai.fr\/atelier\/?p=5232"},"modified":"2026-05-02T07:31:01","modified_gmt":"2026-05-02T07:31:01","slug":"les-pouvoirs-du-president-de-la-republique","status":"publish","type":"post","link":"https:\/\/www.hgsempai.fr\/atelier\/?p=5232","title":{"rendered":"Les pouvoirs du pr\u00e9sident de la R\u00e9publique"},"content":{"rendered":"\n<p>Le pr\u00e9sident de la R\u00e9publique est souvent pr\u00e9sent\u00e9 comme la \u00ab\u00a0clef de vo\u00fbte\u00a0\u00bb des institutions fran\u00e7aises. Retrouvez ici une infographie r\u00e9sumant de mani\u00e8re simplifier les pouvoirs du Pr\u00e9sident de la R\u00e9publique.<\/p>\n\n\n\n<hr class=\"wp-block-separator has-alpha-channel-opacity\"\/>\n\n\n\n<h2 class=\"wp-block-heading\">Infographie en couleur<\/h2>\n\n\n\n<figure class=\"wp-block-image size-large\"><img loading=\"lazy\" decoding=\"async\" width=\"1024\" height=\"697\" src=\"https:\/\/www.hgsempai.fr\/atelier\/wp-content\/uploads\/2026\/05\/emc2026_pouvoir_president_rep-1024x697.png\" alt=\"Infographie en couleur donnant les pouvoirs du Pr\u00e9sident de la R\u00e9publique fran\u00e7aise\" class=\"wp-image-5233\" srcset=\"https:\/\/www.hgsempai.fr\/atelier\/wp-content\/uploads\/2026\/05\/emc2026_pouvoir_president_rep-1024x697.png 1024w, https:\/\/www.hgsempai.fr\/atelier\/wp-content\/uploads\/2026\/05\/emc2026_pouvoir_president_rep-300x204.png 300w, https:\/\/www.hgsempai.fr\/atelier\/wp-content\/uploads\/2026\/05\/emc2026_pouvoir_president_rep-768x523.png 768w, https:\/\/www.hgsempai.fr\/atelier\/wp-content\/uploads\/2026\/05\/emc2026_pouvoir_president_rep.png 1268w\" sizes=\"auto, (max-width: 1024px) 100vw, 1024px\" \/><\/figure>\n\n\n\n<hr class=\"wp-block-separator has-alpha-channel-opacity\"\/>\n\n\n\n<h2 class=\"wp-block-heading\">La version en NB pour une insertion dans une fiche<\/h2>\n\n\n\n<figure class=\"wp-block-image size-large\"><img loading=\"lazy\" decoding=\"async\" width=\"1024\" height=\"697\" src=\"https:\/\/www.hgsempai.fr\/atelier\/wp-content\/uploads\/2026\/05\/emc2026_pouvoir_president_rep_nb-1024x697.png\" alt=\"Infographie en noir et blanc donnant les pouvoirs du Pr\u00e9sident de la R\u00e9publique fran\u00e7aise\" class=\"wp-image-5234\" srcset=\"https:\/\/www.hgsempai.fr\/atelier\/wp-content\/uploads\/2026\/05\/emc2026_pouvoir_president_rep_nb-1024x697.png 1024w, https:\/\/www.hgsempai.fr\/atelier\/wp-content\/uploads\/2026\/05\/emc2026_pouvoir_president_rep_nb-300x204.png 300w, https:\/\/www.hgsempai.fr\/atelier\/wp-content\/uploads\/2026\/05\/emc2026_pouvoir_president_rep_nb-768x523.png 768w, https:\/\/www.hgsempai.fr\/atelier\/wp-content\/uploads\/2026\/05\/emc2026_pouvoir_president_rep_nb.png 1268w\" sizes=\"auto, (max-width: 1024px) 100vw, 1024px\" \/><\/figure>\n","protected":false},"excerpt":{"rendered":"<p>Le pr\u00e9sident de la R\u00e9publique est souvent pr\u00e9sent\u00e9 comme la \u00ab\u00a0clef de vo\u00fbte\u00a0\u00bb des institutions fran\u00e7aises. Retrouvez ici une infographie r\u00e9sumant de mani\u00e8re simplifier les pouvoirs du Pr\u00e9sident de la R\u00e9publique.<\/p>\n","protected":false},"author":1,"featured_media":5233,"comment_status":"open","ping_status":"open","sticky":false,"template":"","format":"standard","meta":{"footnotes":""},"categories":[283],"tags":[315,429,152,631,724,1055,248],"class_list":["post-5232","post","type-post","status-publish","format-standard","has-post-thumbnail","hentry","category-education-civique-2","tag-constitution","tag-emc","tag-france","tag-infographie","tag-pouvoir","tag-president","tag-republique"],"_links":{"self":[{"href":"https:\/\/www.hgsempai.fr\/atelier\/index.php?rest_route=\/wp\/v2\/posts\/5232","targetHints":{"allow":["GET"]}}],"collection":[{"href":"https:\/\/www.hgsempai.fr\/atelier\/index.php?rest_route=\/wp\/v2\/posts"}],"about":[{"href":"https:\/\/www.hgsempai.fr\/atelier\/index.php?rest_route=\/wp\/v2\/types\/post"}],"author":[{"embeddable":true,"href":"https:\/\/www.hgsempai.fr\/atelier\/index.php?rest_route=\/wp\/v2\/users\/1"}],"replies":[{"embeddable":true,"href":"https:\/\/www.hgsempai.fr\/atelier\/index.php?rest_route=%2Fwp%2Fv2%2Fcomments&post=5232"}],"version-history":[{"count":1,"href":"https:\/\/www.hgsempai.fr\/atelier\/index.php?rest_route=\/wp\/v2\/posts\/5232\/revisions"}],"predecessor-version":[{"id":5235,"href":"https:\/\/www.hgsempai.fr\/atelier\/index.php?rest_route=\/wp\/v2\/posts\/5232\/revisions\/5235"}],"wp:featuredmedia":[{"embeddable":true,"href":"https:\/\/www.hgsempai.fr\/atelier\/index.php?rest_route=\/wp\/v2\/media\/5233"}],"wp:attachment":[{"href":"https:\/\/www.hgsempai.fr\/atelier\/index.php?rest_route=%2Fwp%2Fv2%2Fmedia&parent=5232"}],"wp:term":[{"taxonomy":"category","embeddable":true,"href":"https:\/\/www.hgsempai.fr\/atelier\/index.php?rest_route=%2Fwp%2Fv2%2Fcategories&post=5232"},{"taxonomy":"post_tag","embeddable":true,"href":"https:\/\/www.hgsempai.fr\/atelier\/index.php?rest_route=%2Fwp%2Fv2%2Ftags&post=5232"}],"curies":[{"name":"wp","href":"https:\/\/api.w.org\/{rel}","templated":true}]}}