{"id":5163,"date":"2026-03-15T09:51:11","date_gmt":"2026-03-15T09:51:11","guid":{"rendered":"https:\/\/www.hgsempai.fr\/atelier\/?p=5163"},"modified":"2026-03-26T22:03:59","modified_gmt":"2026-03-26T22:03:59","slug":"berlin-et-lallemagne-au-coeur-de-la-guerre-froide","status":"publish","type":"post","link":"https:\/\/www.hgsempai.fr\/atelier\/?p=5163","title":{"rendered":"Berlin et l&rsquo;Allemagne au c\u0153ur de la guerre froide"},"content":{"rendered":"\n<p>L\u2019Allemagne, \u00e9picentre des tensions Est-Ouest apr\u00e8s 1945, offre un terrain d\u2019\u00e9tude id\u00e9al pour aborder la Guerre froide avec les \u00e9l\u00e8ves. De l\u2019occupation alli\u00e9e au blocus de Berlin, en passant par la cr\u00e9ation des deux Allemagne et la construction du mur, chaque \u00e9tape illustre la bipolarisation du monde. <\/p>\n\n\n\n<hr class=\"wp-block-separator has-alpha-channel-opacity\"\/>\n\n\n\n<h2 class=\"wp-block-heading\"><strong>1945-1946 : L\u2019Allemagne occup\u00e9e, un territoire sous contr\u00f4le alli\u00e9<\/strong><\/h2>\n\n\n\n<figure class=\"wp-block-image size-large\"><img loading=\"lazy\" decoding=\"async\" width=\"1024\" height=\"652\" src=\"https:\/\/www.hgsempai.fr\/atelier\/wp-content\/uploads\/2026\/03\/C2023_europe_1946_horizontal-1-1024x652.png\" alt=\"carte de l'Europe en 1946\" class=\"wp-image-5164\" srcset=\"https:\/\/www.hgsempai.fr\/atelier\/wp-content\/uploads\/2026\/03\/C2023_europe_1946_horizontal-1-1024x652.png 1024w, https:\/\/www.hgsempai.fr\/atelier\/wp-content\/uploads\/2026\/03\/C2023_europe_1946_horizontal-1-300x191.png 300w, https:\/\/www.hgsempai.fr\/atelier\/wp-content\/uploads\/2026\/03\/C2023_europe_1946_horizontal-1-768x489.png 768w, https:\/\/www.hgsempai.fr\/atelier\/wp-content\/uploads\/2026\/03\/C2023_europe_1946_horizontal-1.png 1466w\" sizes=\"auto, (max-width: 1024px) 100vw, 1024px\" \/><\/figure>\n\n\n\n<p>D\u00e8s la capitulation allemande en mai 1945, le pays est divis\u00e9 en quatre zones d\u2019occupation (am\u00e9ricaine, britannique, fran\u00e7aise et sovi\u00e9tique). Berlin, bien que situ\u00e9e en zone sovi\u00e9tique, est elle-m\u00eame partag\u00e9e en quatre secteurs. Cette occupation quadripartite, cens\u00e9e \u00eatre temporaire, r\u00e9v\u00e8le rapidement les divergences entre les Alli\u00e9s sur l\u2019avenir de l\u2019Allemagne.<\/p>\n\n\n\n<figure class=\"wp-block-image size-full\"><img loading=\"lazy\" decoding=\"async\" width=\"789\" height=\"882\" src=\"https:\/\/www.hgsempai.fr\/atelier\/wp-content\/uploads\/2026\/03\/C2015_occupation_quadripartite_berlin-1.png\" alt=\"\" class=\"wp-image-5185\" srcset=\"https:\/\/www.hgsempai.fr\/atelier\/wp-content\/uploads\/2026\/03\/C2015_occupation_quadripartite_berlin-1.png 789w, https:\/\/www.hgsempai.fr\/atelier\/wp-content\/uploads\/2026\/03\/C2015_occupation_quadripartite_berlin-1-268x300.png 268w, https:\/\/www.hgsempai.fr\/atelier\/wp-content\/uploads\/2026\/03\/C2015_occupation_quadripartite_berlin-1-768x859.png 768w\" sizes=\"auto, (max-width: 789px) 100vw, 789px\" \/><\/figure>\n\n\n\n<hr class=\"wp-block-separator has-alpha-channel-opacity\"\/>\n\n\n\n<h2 class=\"wp-block-heading\"><strong>1948-1949 : Le blocus de Berlin, premier affrontement majeur de la Guerre froide<\/strong><\/h2>\n\n\n\n<figure class=\"wp-block-image size-full\"><img loading=\"lazy\" decoding=\"async\" width=\"855\" height=\"728\" src=\"https:\/\/www.hgsempai.fr\/atelier\/wp-content\/uploads\/2026\/03\/C2015_allemagne_blocus_berlin.png\" alt=\"carte de l'Allemagne lors du blocus de Berlin\" class=\"wp-image-5165\" srcset=\"https:\/\/www.hgsempai.fr\/atelier\/wp-content\/uploads\/2026\/03\/C2015_allemagne_blocus_berlin.png 855w, https:\/\/www.hgsempai.fr\/atelier\/wp-content\/uploads\/2026\/03\/C2015_allemagne_blocus_berlin-300x255.png 300w, https:\/\/www.hgsempai.fr\/atelier\/wp-content\/uploads\/2026\/03\/C2015_allemagne_blocus_berlin-768x654.png 768w\" sizes=\"auto, (max-width: 855px) 100vw, 855px\" \/><\/figure>\n\n\n\n<p>En juin 1948, Staline impose un blocus terrestre et fluvial sur Berlin-Ouest pour contraindre les Occidentaux \u00e0 abandonner la ville. En r\u00e9ponse, les \u00c9tats-Unis organisent un pont a\u00e9rien historique, ravitaillant la population pendant pr\u00e8s d\u2019un an. Cet \u00e9pisode marque la rupture d\u00e9finitive entre les anciens alli\u00e9s et pr\u00e9c\u00e8de la cr\u00e9ation de deux \u00c9tats allemands en 1949 : la RFA (\u00e0 l\u2019Ouest) et la RDA (\u00e0 l\u2019Est).<\/p>\n\n\n\n<hr class=\"wp-block-separator has-alpha-channel-opacity\"\/>\n\n\n\n<h2 class=\"wp-block-heading\"><strong>1949 : La division de l\u2019Allemagne, symbole de la bipolarisation<\/strong><\/h2>\n\n\n\n<figure class=\"wp-block-image size-large\"><img loading=\"lazy\" decoding=\"async\" width=\"921\" height=\"784\" src=\"https:\/\/www.hgsempai.fr\/atelier\/wp-content\/uploads\/2026\/03\/C2015_allemagne_1949.png\" alt=\"carte de l'Allemagne en 1949\" class=\"wp-image-5169\" srcset=\"https:\/\/www.hgsempai.fr\/atelier\/wp-content\/uploads\/2026\/03\/C2015_allemagne_1949.png 921w, https:\/\/www.hgsempai.fr\/atelier\/wp-content\/uploads\/2026\/03\/C2015_allemagne_1949-300x255.png 300w, https:\/\/www.hgsempai.fr\/atelier\/wp-content\/uploads\/2026\/03\/C2015_allemagne_1949-768x654.png 768w\" sizes=\"auto, (max-width: 921px) 100vw, 921px\" \/><\/figure>\n\n\n\n<p>La cr\u00e9ation de la R\u00e9publique f\u00e9d\u00e9rale d\u2019Allemagne (RFA) en mai 1949, suivie de celle de la R\u00e9publique d\u00e9mocratique allemande (RDA) en octobre, consacre la division du pays. Berlin, d\u00e9sormais enclav\u00e9e en RDA, devient un \u00eelot occidental au c\u0153ur du bloc communiste. Cette situation g\u00e9opolitique unique en fait un enjeu strat\u00e9gique majeur pour les deux blocs.<\/p>\n\n\n\n<hr class=\"wp-block-separator has-alpha-channel-opacity\"\/>\n\n\n\n<h2 class=\"wp-block-heading\"><strong>1961 : La construction du mur de Berlin, apog\u00e9e de la division<\/strong><\/h2>\n\n\n\n<figure class=\"wp-block-image size-full\"><img loading=\"lazy\" decoding=\"async\" width=\"702\" height=\"532\" src=\"https:\/\/www.hgsempai.fr\/atelier\/wp-content\/uploads\/2026\/03\/H2015_passage-berlin_est_ouest.png\" alt=\"graphique illustrant l'\u00e9volution des passages de Berlin Est \u00e0 Berlin Ouest entre 1950 et 1989\" class=\"wp-image-5166\" srcset=\"https:\/\/www.hgsempai.fr\/atelier\/wp-content\/uploads\/2026\/03\/H2015_passage-berlin_est_ouest.png 702w, https:\/\/www.hgsempai.fr\/atelier\/wp-content\/uploads\/2026\/03\/H2015_passage-berlin_est_ouest-300x227.png 300w\" sizes=\"auto, (max-width: 702px) 100vw, 702px\" \/><\/figure>\n\n\n\n<p>Dans la nuit du 12 au 13 ao\u00fbt 1961, les autorit\u00e9s est-allemandes \u00e9rigent un mur pour stopper l\u2019exode des habitants vers l\u2019Ouest. Ce \u00ab mur de la honte \u00bb, long de 155 km, s\u00e9pare familles et amis pendant 28 ans. Il incarne la violence de la division id\u00e9ologique et devient le symbole le plus visible de la Guerre froide.<\/p>\n\n\n\n<hr class=\"wp-block-separator has-alpha-channel-opacity\"\/>\n\n\n\n<h2 class=\"wp-block-heading\"><strong>Fiche p\u00e9dagogique : Pr\u00e9sentation support cl\u00e9 en main<\/strong><\/h2>\n\n\n\n<div data-wp-interactive=\"core\/file\" class=\"wp-block-file\"><object data-wp-bind--hidden=\"!state.hasPdfPreview\" hidden class=\"wp-block-file__embed\" data=\"https:\/\/www.hgsempai.fr\/atelier\/wp-content\/uploads\/2026\/03\/H2016_berlin_all_gf.pdf\" type=\"application\/pdf\" style=\"width:100%;height:600px\" aria-label=\"Contenu embarqu\u00e9 H2016_berlin_all_gf.\"><\/object><a id=\"wp-block-file--media-cfbef105-f377-42d8-a2fe-c486d06722cb\" href=\"https:\/\/www.hgsempai.fr\/atelier\/wp-content\/uploads\/2026\/03\/H2016_berlin_all_gf.pdf\">H2016_berlin_all_gf<\/a><a href=\"https:\/\/www.hgsempai.fr\/atelier\/wp-content\/uploads\/2026\/03\/H2016_berlin_all_gf.pdf\" class=\"wp-block-file__button wp-element-button\" download aria-describedby=\"wp-block-file--media-cfbef105-f377-42d8-a2fe-c486d06722cb\">T\u00e9l\u00e9charger<\/a><\/div>\n\n\n\n<p>Les \u00e9l\u00e8ves compl\u00e8tent cette fiche \u00e0 l&rsquo;aide du dossier documentaire pr\u00e9sent dans leur manuel. Je m&rsquo;en sers aussi pour corriger une activit\u00e9 classique d&rsquo;\u00e9tude de documents en utilisant alors la pr\u00e9sentation ci-dessous:<\/p>\n\n\n\n<div style=\"position: relative; width: 100%; height: 0; padding-top: 56.2500%; padding-bottom: 0; box-shadow: 0 2px 8px 0 rgba(63,69,81,0.16); margin-top: 1.6em; margin-bottom: 0.9em; overflow: hidden; border-radius: 8px; will-change: transform;\">  <iframe loading=\"lazy\" style=\"position: absolute; width: 100%; height: 100%; top: 0; left: 0; border: none; padding: 0;margin: 0;\"    src=\"https:\/\/www.canva.com\/design\/DAHD_2Pemag\/qdtPy7AJnoMn4jejLrLg_w\/view?embed\" allowfullscreen=\"allowfullscreen\" allow=\"fullscreen\">  <\/iframe><\/div><a href=\"https:&#x2F;&#x2F;www.canva.com&#x2F;design&#x2F;DAHD_2Pemag&#x2F;qdtPy7AJnoMn4jejLrLg_w&#x2F;view?utm_content=DAHD_2Pemag&amp;utm_campaign=designshare&amp;utm_medium=embeds&amp;utm_source=link\" target=\"_blank\" rel=\"noopener\">Berlin et l\u2019Allemagne dans la guerre froide<\/a> par Frederic Sauzeau\n\n\n\n<hr class=\"wp-block-separator has-alpha-channel-opacity\"\/>\n\n\n\n<h2 class=\"wp-block-heading\"><strong>Conclusion : Des cl\u00e9s pour enseigner la Guerre froide<\/strong><\/h2>\n\n\n\n<p>Cette chronologie montre comment l\u2019Allemagne, et Berlin en particulier, cristallisent les tensions de la Guerre froide. En classe, ces \u00e9v\u00e9nements permettent d\u2019aborder des notions cl\u00e9s : bipolarisation, propagande, r\u00e9sistance, et droits humains. N\u2019h\u00e9sitez pas \u00e0 adapter ces pistes en fonction de vos objectifs p\u00e9dagogiques et du niveau de vos \u00e9l\u00e8ves.<\/p>\n","protected":false},"excerpt":{"rendered":"<p>L\u2019Allemagne, \u00e9picentre des tensions Est-Ouest apr\u00e8s 1945, offre un terrain d\u2019\u00e9tude id\u00e9al pour aborder la Guerre froide avec les \u00e9l\u00e8ves. De l\u2019occupation alli\u00e9e au blocus de Berlin, en passant par la cr\u00e9ation des deux Allemagne et la construction du mur, chaque \u00e9tape illustre la bipolarisation du monde. <\/p>\n","protected":false},"author":1,"featured_media":5169,"comment_status":"open","ping_status":"open","sticky":false,"template":"","format":"standard","meta":{"footnotes":""},"categories":[165],"tags":[341,71,76,1051,160],"class_list":["post-5163","post","type-post","status-publish","format-standard","has-post-thumbnail","hentry","category-histoire","tag-3h2l2","tag-allemagne","tag-berlin","tag-blocus","tag-guerre-froide"],"_links":{"self":[{"href":"https:\/\/www.hgsempai.fr\/atelier\/index.php?rest_route=\/wp\/v2\/posts\/5163","targetHints":{"allow":["GET"]}}],"collection":[{"href":"https:\/\/www.hgsempai.fr\/atelier\/index.php?rest_route=\/wp\/v2\/posts"}],"about":[{"href":"https:\/\/www.hgsempai.fr\/atelier\/index.php?rest_route=\/wp\/v2\/types\/post"}],"author":[{"embeddable":true,"href":"https:\/\/www.hgsempai.fr\/atelier\/index.php?rest_route=\/wp\/v2\/users\/1"}],"replies":[{"embeddable":true,"href":"https:\/\/www.hgsempai.fr\/atelier\/index.php?rest_route=%2Fwp%2Fv2%2Fcomments&post=5163"}],"version-history":[{"count":3,"href":"https:\/\/www.hgsempai.fr\/atelier\/index.php?rest_route=\/wp\/v2\/posts\/5163\/revisions"}],"predecessor-version":[{"id":5187,"href":"https:\/\/www.hgsempai.fr\/atelier\/index.php?rest_route=\/wp\/v2\/posts\/5163\/revisions\/5187"}],"wp:featuredmedia":[{"embeddable":true,"href":"https:\/\/www.hgsempai.fr\/atelier\/index.php?rest_route=\/wp\/v2\/media\/5169"}],"wp:attachment":[{"href":"https:\/\/www.hgsempai.fr\/atelier\/index.php?rest_route=%2Fwp%2Fv2%2Fmedia&parent=5163"}],"wp:term":[{"taxonomy":"category","embeddable":true,"href":"https:\/\/www.hgsempai.fr\/atelier\/index.php?rest_route=%2Fwp%2Fv2%2Fcategories&post=5163"},{"taxonomy":"post_tag","embeddable":true,"href":"https:\/\/www.hgsempai.fr\/atelier\/index.php?rest_route=%2Fwp%2Fv2%2Ftags&post=5163"}],"curies":[{"name":"wp","href":"https:\/\/api.w.org\/{rel}","templated":true}]}}