{"id":5030,"date":"2025-10-27T14:15:40","date_gmt":"2025-10-27T14:15:40","guid":{"rendered":"https:\/\/www.hgsempai.fr\/atelier\/?p=5030"},"modified":"2025-10-27T14:25:44","modified_gmt":"2025-10-27T14:25:44","slug":"le-goulag-au-temps-de-lurss","status":"publish","type":"post","link":"https:\/\/www.hgsempai.fr\/atelier\/?p=5030","title":{"rendered":"Le Goulag au temps de l&rsquo;URSS"},"content":{"rendered":"\n<p>Le Goulag est l&rsquo;organisme central g\u00e9rant les camps de travail forc\u00e9 en Union sovi\u00e9tique. La police politique plac\u00e9e \u00e0 la t\u00eate du syst\u00e8me p\u00e9nal d\u00e9veloppa le Goulag comme instrument de terreur et d&rsquo;expansion industrielle. Cette administration p\u00e9nitentiaire connut une croissance constante jusqu&rsquo;\u00e0 la mort de Joseph Staline, \u00e0 mesure que de nouveaux groupes \u00e9taient incarc\u00e9r\u00e9s et d\u00e9port\u00e9s, et que ses pr\u00e9rogatives \u00e9conomiques se d\u00e9veloppaient.<\/p>\n\n\n\n<p>Le terme \u00ab Goulag \u00bb est un acronyme apparu en 1930 et form\u00e9 d&rsquo;apr\u00e8s le russe  Glavno\u00ef\u00e9 oupravlenie laguere\u00ef, qui signifie \u00ab Administration principale des camps \u00bb. Cette division administrative de la police politique russe a \u00e9t\u00e9 cr\u00e9\u00e9e en juillet 1934 lors de la r\u00e9organisation de la Gu\u00e9p\u00e9ou et de son rattachement au NKVD, nouvellement cr\u00e9\u00e9.<\/p>\n\n\n\n<hr class=\"wp-block-separator has-alpha-channel-opacity\"\/>\n\n\n\n<h2 class=\"wp-block-heading\">La carte<\/h2>\n\n\n\n<figure class=\"wp-block-image size-large\"><img decoding=\"async\" src=\"https:\/\/www.hgsempai.fr\/carto\/wp-content\/uploads\/2025\/10\/carte_goulag.png\" alt=\"carte des camps et chantiers du goulag en URSS dans les ann\u00e9es 1930.\"\/><\/figure>\n\n\n\n<p>Retrouvez cette carte et sa version NB sur <a href=\"https:\/\/www.hgsempai.fr\/carto\/2025\/10\/27\/le-goulag-en-urss-dans-les-annees-1930\/\" target=\"_blank\" rel=\"noopener\" title=\"\">l&rsquo;Atelier carto d&rsquo;HG Sempai<\/a>.<\/p>\n\n\n\n<hr class=\"wp-block-separator has-alpha-channel-opacity\"\/>\n\n\n\n<h2 class=\"wp-block-heading\">Le graphique<\/h2>\n\n\n\n<figure class=\"wp-block-image size-large\"><img loading=\"lazy\" decoding=\"async\" width=\"1024\" height=\"645\" src=\"https:\/\/www.hgsempai.fr\/atelier\/wp-content\/uploads\/2025\/10\/H2025_goulag_detenus-1024x645.png\" alt=\"graphique montrant l'\u00e9volution du nombre de d\u00e9tenus au Goulag entre 1940 et 1979\" class=\"wp-image-5031\" srcset=\"https:\/\/www.hgsempai.fr\/atelier\/wp-content\/uploads\/2025\/10\/H2025_goulag_detenus-1024x645.png 1024w, https:\/\/www.hgsempai.fr\/atelier\/wp-content\/uploads\/2025\/10\/H2025_goulag_detenus-300x189.png 300w, https:\/\/www.hgsempai.fr\/atelier\/wp-content\/uploads\/2025\/10\/H2025_goulag_detenus-768x484.png 768w, https:\/\/www.hgsempai.fr\/atelier\/wp-content\/uploads\/2025\/10\/H2025_goulag_detenus.png 1449w\" sizes=\"auto, (max-width: 1024px) 100vw, 1024px\" \/><\/figure>\n\n\n\n<hr class=\"wp-block-separator has-alpha-channel-opacity\"\/>\n\n\n\n<h2 class=\"wp-block-heading\">Textes<\/h2>\n\n\n\n<p>&nbsp;&nbsp; De 1928 \u00e0 1934, on envoya dans les camps de concentration et en exil un million d\u2019hommes au bas mot, accus\u00e9s de sp\u00e9culation, de commerce illicite, etc. C\u2019\u00e9taient surtout des artisans, des petits commer\u00e7ants, la toute petite bourgeoisie en un mot. Mais il y avait parmi eux des ouvriers, des paysans, des employ\u00e9s, surtout des employ\u00e9s des coop\u00e9ratives et des entreprises commerciales de l\u2019\u00c9tat. [\u2026]<\/p>\n\n\n\n<p>&nbsp;&nbsp; A partir de 1933, c\u2019est-\u00e0-dire \u00e0 partir du deuxi\u00e8me plan quinquennal, on se mit \u00e0 envoyer de plus en plus de condamn\u00e9s politiques et surtout des communistes d\u2019opposition dans les camps de concentration de Russie, de Sib\u00e9rie, d\u2019Asie centrale. Plus Staline faisait du \u00ab&nbsp;socialisme&nbsp;\u00bb, plus il y avait de prisons en Russie et plus y souffraient des d\u00e9tenus politiques.<\/p>\n\n\n\n<p class=\"has-text-align-right\">Anton Ciliga, <em>Au pays du mensonge permanent<\/em>, Gallimard, 1938.<\/p>\n\n\n\n<hr class=\"wp-block-separator has-alpha-channel-opacity\"\/>\n\n\n\n<p>Le camp embrasse un territoire \u00e9norme dans le nord-est de la Russie, grand comme la moiti\u00e9 de la France. La population de ce territoire est tr\u00e8s faible&nbsp;: pas plus de 150 000 \u00e2mes, des d\u00e9tenus en majorit\u00e9. On y entreprend de grands travaux, on y cherche du charbon, de l\u2019or, du p\u00e9trole, on y exploite des mines&nbsp;; on y perce des routes, on y d\u00e9boise. [\u2026]<\/p>\n\n\n\n<p>Apr\u00e8s ce que j\u2019ai pu voir en Sib\u00e9rie, je consid\u00e8re que le nombre de 5 millions de condamn\u00e9s est beaucoup trop faible et que celui de 10 millions se rapproche davantage de la r\u00e9alit\u00e9. [\u2026]<\/p>\n\n\n\n<p>Plus Staline faisait de \u00ab&nbsp;socialisme&nbsp;\u00bb, plus il y avait de prisons en URSS.<\/p>\n\n\n\n<p class=\"has-text-align-right\">Anton Cilija, <em>Au pays du mensonge d\u00e9concertant<\/em>, Gallimard, 1938.<\/p>\n\n\n\n<hr class=\"wp-block-separator has-alpha-channel-opacity\"\/>\n","protected":false},"excerpt":{"rendered":"<p>Ensemble documentaire sur le th\u00e8me du Goulag en URSS.<\/p>\n","protected":false},"author":1,"featured_media":5031,"comment_status":"open","ping_status":"open","sticky":false,"template":"","format":"standard","meta":{"footnotes":""},"categories":[165],"tags":[16,343,289,266],"class_list":["post-5030","post","type-post","status-publish","format-standard","has-post-thumbnail","hentry","category-histoire","tag-3h1","tag-3h1l2","tag-goulag","tag-urss"],"_links":{"self":[{"href":"https:\/\/www.hgsempai.fr\/atelier\/index.php?rest_route=\/wp\/v2\/posts\/5030","targetHints":{"allow":["GET"]}}],"collection":[{"href":"https:\/\/www.hgsempai.fr\/atelier\/index.php?rest_route=\/wp\/v2\/posts"}],"about":[{"href":"https:\/\/www.hgsempai.fr\/atelier\/index.php?rest_route=\/wp\/v2\/types\/post"}],"author":[{"embeddable":true,"href":"https:\/\/www.hgsempai.fr\/atelier\/index.php?rest_route=\/wp\/v2\/users\/1"}],"replies":[{"embeddable":true,"href":"https:\/\/www.hgsempai.fr\/atelier\/index.php?rest_route=%2Fwp%2Fv2%2Fcomments&post=5030"}],"version-history":[{"count":2,"href":"https:\/\/www.hgsempai.fr\/atelier\/index.php?rest_route=\/wp\/v2\/posts\/5030\/revisions"}],"predecessor-version":[{"id":5033,"href":"https:\/\/www.hgsempai.fr\/atelier\/index.php?rest_route=\/wp\/v2\/posts\/5030\/revisions\/5033"}],"wp:featuredmedia":[{"embeddable":true,"href":"https:\/\/www.hgsempai.fr\/atelier\/index.php?rest_route=\/wp\/v2\/media\/5031"}],"wp:attachment":[{"href":"https:\/\/www.hgsempai.fr\/atelier\/index.php?rest_route=%2Fwp%2Fv2%2Fmedia&parent=5030"}],"wp:term":[{"taxonomy":"category","embeddable":true,"href":"https:\/\/www.hgsempai.fr\/atelier\/index.php?rest_route=%2Fwp%2Fv2%2Fcategories&post=5030"},{"taxonomy":"post_tag","embeddable":true,"href":"https:\/\/www.hgsempai.fr\/atelier\/index.php?rest_route=%2Fwp%2Fv2%2Ftags&post=5030"}],"curies":[{"name":"wp","href":"https:\/\/api.w.org\/{rel}","templated":true}]}}