{"id":4955,"date":"2025-04-16T13:09:51","date_gmt":"2025-04-16T13:09:51","guid":{"rendered":"https:\/\/www.hgsempai.fr\/atelier\/?p=4955"},"modified":"2025-04-16T13:09:52","modified_gmt":"2025-04-16T13:09:52","slug":"le-renforcement-du-pouvoir-xe-xve-siecle","status":"publish","type":"post","link":"https:\/\/www.hgsempai.fr\/atelier\/?p=4955","title":{"rendered":"Le renforcement du pouvoir (Xe &#8211; XVe si\u00e8cle)"},"content":{"rendered":"\n<p>Entre le Xe et le XVe si\u00e8cle, les rois de France sont pass\u00e9s d\u2019un pouvoir faible et morcel\u00e9 \u00e0 une autorit\u00e9 plus forte et centralis\u00e9e, malgr\u00e9 les obstacles f\u00e9odaux et les crises.<\/p>\n\n\n\n<h2 class=\"wp-block-heading\">Le document de synth\u00e8se (complet)<\/h2>\n\n\n\n<figure class=\"wp-block-image size-large\"><img loading=\"lazy\" decoding=\"async\" width=\"1024\" height=\"546\" src=\"https:\/\/www.hgsempai.fr\/atelier\/wp-content\/uploads\/2025\/04\/renforcement_pvoir_royal_corr-1024x546.png\" alt=\"tableau de synth\u00e8se sur le renforcement du pouvoir royal entre les Xe et XVe si\u00e8cle.\" class=\"wp-image-4957\" srcset=\"https:\/\/www.hgsempai.fr\/atelier\/wp-content\/uploads\/2025\/04\/renforcement_pvoir_royal_corr-1024x546.png 1024w, https:\/\/www.hgsempai.fr\/atelier\/wp-content\/uploads\/2025\/04\/renforcement_pvoir_royal_corr-300x160.png 300w, https:\/\/www.hgsempai.fr\/atelier\/wp-content\/uploads\/2025\/04\/renforcement_pvoir_royal_corr-768x409.png 768w, https:\/\/www.hgsempai.fr\/atelier\/wp-content\/uploads\/2025\/04\/renforcement_pvoir_royal_corr.png 1212w\" sizes=\"auto, (max-width: 1024px) 100vw, 1024px\" \/><\/figure>\n\n\n\n<hr class=\"wp-block-separator has-alpha-channel-opacity\"\/>\n\n\n\n<h2 class=\"wp-block-heading\">La version \u00ab\u00a0\u00e0 compl\u00e9ter\u00a0\u00bb pour insertion dans un fiche<\/h2>\n\n\n\n<figure class=\"wp-block-image size-large\"><img loading=\"lazy\" decoding=\"async\" width=\"1024\" height=\"546\" src=\"https:\/\/www.hgsempai.fr\/atelier\/wp-content\/uploads\/2025\/04\/renforcement_pvoir_royal_elev-1024x546.png\" alt=\"tableau de synth\u00e8se &quot;\u00e0 trou&quot; sur le renforcement du pouvoir royal entre les Xe et XVe si\u00e8cle.\" class=\"wp-image-4958\" srcset=\"https:\/\/www.hgsempai.fr\/atelier\/wp-content\/uploads\/2025\/04\/renforcement_pvoir_royal_elev-1024x546.png 1024w, https:\/\/www.hgsempai.fr\/atelier\/wp-content\/uploads\/2025\/04\/renforcement_pvoir_royal_elev-300x160.png 300w, https:\/\/www.hgsempai.fr\/atelier\/wp-content\/uploads\/2025\/04\/renforcement_pvoir_royal_elev-768x409.png 768w, https:\/\/www.hgsempai.fr\/atelier\/wp-content\/uploads\/2025\/04\/renforcement_pvoir_royal_elev.png 1212w\" sizes=\"auto, (max-width: 1024px) 100vw, 1024px\" \/><\/figure>\n\n\n\n<hr class=\"wp-block-separator has-alpha-channel-opacity\"\/>\n\n\n\n<h2 class=\"wp-block-heading\">La version interactive pour un travail en autonomie<\/h2>\n\n\n<div class=\"h5p-iframe-wrapper\"><iframe id=\"h5p-iframe-82\" class=\"h5p-iframe\" data-content-id=\"82\" style=\"height:1px\" src=\"about:blank\" frameBorder=\"0\" scrolling=\"no\" title=\"Le renforcement du pouvoir royal\"><\/iframe><\/div>\n","protected":false},"excerpt":{"rendered":"<p>Entre le Xe et le XVe si\u00e8cle, les rois de France sont pass\u00e9s d\u2019un pouvoir faible et morcel\u00e9 \u00e0 une autorit\u00e9 plus forte et centralis\u00e9e, malgr\u00e9 les obstacles f\u00e9odaux et les crises.<\/p>\n","protected":false},"author":1,"featured_media":4957,"comment_status":"open","ping_status":"open","sticky":false,"template":"","format":"standard","meta":{"footnotes":""},"categories":[165],"tags":[331,545,724],"class_list":["post-4955","post","type-post","status-publish","format-standard","has-post-thumbnail","hentry","category-histoire","tag-5h2l3","tag-monarchie","tag-pouvoir"],"_links":{"self":[{"href":"https:\/\/www.hgsempai.fr\/atelier\/index.php?rest_route=\/wp\/v2\/posts\/4955","targetHints":{"allow":["GET"]}}],"collection":[{"href":"https:\/\/www.hgsempai.fr\/atelier\/index.php?rest_route=\/wp\/v2\/posts"}],"about":[{"href":"https:\/\/www.hgsempai.fr\/atelier\/index.php?rest_route=\/wp\/v2\/types\/post"}],"author":[{"embeddable":true,"href":"https:\/\/www.hgsempai.fr\/atelier\/index.php?rest_route=\/wp\/v2\/users\/1"}],"replies":[{"embeddable":true,"href":"https:\/\/www.hgsempai.fr\/atelier\/index.php?rest_route=%2Fwp%2Fv2%2Fcomments&post=4955"}],"version-history":[{"count":2,"href":"https:\/\/www.hgsempai.fr\/atelier\/index.php?rest_route=\/wp\/v2\/posts\/4955\/revisions"}],"predecessor-version":[{"id":4959,"href":"https:\/\/www.hgsempai.fr\/atelier\/index.php?rest_route=\/wp\/v2\/posts\/4955\/revisions\/4959"}],"wp:featuredmedia":[{"embeddable":true,"href":"https:\/\/www.hgsempai.fr\/atelier\/index.php?rest_route=\/wp\/v2\/media\/4957"}],"wp:attachment":[{"href":"https:\/\/www.hgsempai.fr\/atelier\/index.php?rest_route=%2Fwp%2Fv2%2Fmedia&parent=4955"}],"wp:term":[{"taxonomy":"category","embeddable":true,"href":"https:\/\/www.hgsempai.fr\/atelier\/index.php?rest_route=%2Fwp%2Fv2%2Fcategories&post=4955"},{"taxonomy":"post_tag","embeddable":true,"href":"https:\/\/www.hgsempai.fr\/atelier\/index.php?rest_route=%2Fwp%2Fv2%2Ftags&post=4955"}],"curies":[{"name":"wp","href":"https:\/\/api.w.org\/{rel}","templated":true}]}}