{"id":447,"date":"2014-08-17T14:13:00","date_gmt":"2014-08-17T14:13:00","guid":{"rendered":"http:\/\/www.hgsempai.fr\/atelier\/?p=447"},"modified":"2021-08-24T07:20:41","modified_gmt":"2021-08-24T07:20:41","slug":"la-grande-mosquee-de-damas","status":"publish","type":"post","link":"https:\/\/www.hgsempai.fr\/atelier\/?p=447","title":{"rendered":"La Grande mosqu\u00e9e de Damas"},"content":{"rendered":"\n<hr class=\"wp-block-separator\"\/>\n\n\n\n<figure class=\"wp-block-image\"><img decoding=\"async\" src=\"https:\/\/upload.wikimedia.org\/wikipedia\/commons\/thumb\/d\/d5\/Umayyad_Mosque%2C_Damascus.jpg\/1280px-Umayyad_Mosque%2C_Damascus.jpg\" alt=\"\"\/><\/figure>\n\n\n\n<hr class=\"wp-block-separator\"\/>\n\n\n\n<h4 class=\"wp-block-heading\">L&rsquo;\u00e9volution de la Grande Mosqu\u00e9e<\/h4>\n\n\n\n<iframe loading=\"lazy\" src=\"https:\/\/www.youtube.com\/embed\/gmNk81ooUKk\" allow=\"accelerometer; autoplay; encrypted-media; gyroscope; picture-in-picture\" allowfullscreen=\"\" width=\"560\" height=\"315\" frameborder=\"0\"><\/iframe>\n\n\n\n<p class=\"has-text-align-right\">Une vid\u00e9o propos\u00e9e par  <a href=\"https:\/\/www.youtube.com\/channel\/UC5xRG6fsZU_S7dVMkP9RV7A\">ruffinattojmonnet<\/a> <\/p>\n\n\n\n<hr class=\"wp-block-separator\"\/>\n\n\n\n<h2 class=\"wp-block-heading\">La salle de pri\u00e8re de la Grande mosqu\u00e9e de Damas<\/h2>\n\n\n\n<figure class=\"wp-block-image\"><img decoding=\"async\" src=\"https:\/\/upload.wikimedia.org\/wikipedia\/commons\/5\/51\/Syria_14_-_Damascus_-_Inside_Umayyad_Mosque.jpg\" alt=\"\"\/><figcaption>Par gray_um \u2014 https:\/\/www.flickr.com\/photos\/29812295@N07\/2789028113\/, CC BY 2.0, https:\/\/commons.wikimedia.org\/w\/index.php?curid=35652843<\/figcaption><\/figure>\n\n\n\n<p>Les musulmans font leurs ablution et se d\u00e9chaussent avant d\u2019entrer dans la salle de pri\u00e8re. Ils prient vers le mur de la qibla qui indique la direction de La Mecque.<\/p>\n\n\n\n<hr class=\"wp-block-separator\"\/>\n\n\n\n<h2 class=\"wp-block-heading\">Le mihrab et le minbar<\/h2>\n\n\n\n<figure class=\"wp-block-image\"><img decoding=\"async\" src=\"https:\/\/upload.wikimedia.org\/wikipedia\/commons\/thumb\/9\/97\/Mehrab_and_minbar%2C_Umayyad_mosque_%285347759587%29.jpg\/1024px-Mehrab_and_minbar%2C_Umayyad_mosque_%285347759587%29.jpg\" alt=\"\"\/><figcaption>Par Varun Shiv Kapur from New Delhi, India \u2014 Mehrab and minbar, Umayyad mosque, CC BY 2.0, https:\/\/commons.wikimedia.org\/w\/index.php?curid=90110077<\/figcaption><\/figure>\n\n\n\n<p>Le <em>mihrab<\/em> est un espace creus\u00e9 dans le mur de la qibla. Le <em>minbar<\/em> est la chaire du haut de laquelle le pr\u00e9dicateur prononce son sermon lors de la pri\u00e8re du vendredi.<\/p>\n\n\n\n<hr class=\"wp-block-separator\"\/>\n\n\n\n<h2 class=\"wp-block-heading\">La cour de la Grande mosqu\u00e9e de Damas<\/h2>\n\n\n\n<figure class=\"wp-block-image\"><img decoding=\"async\" src=\"https:\/\/upload.wikimedia.org\/wikipedia\/commons\/thumb\/0\/0a\/2_%D8%A7%D9%84%D8%AC%D8%A7%D9%85%D8%B9_%D8%A7%D9%84%D8%A3%D9%85%D9%88%D9%8A.jpg\/1280px-2_%D8%A7%D9%84%D8%AC%D8%A7%D9%85%D8%B9_%D8%A7%D9%84%D8%A3%D9%85%D9%88%D9%8A.jpg\" alt=\"\"\/><figcaption>Par Noor Khayat \u2014 Travail personnel, CC BY-SA 3.0, https:\/\/commons.wikimedia.org\/w\/index.php?curid=28676845<\/figcaption><\/figure>\n\n\n\n<p>Vue de la cour de la Grande mosqu\u00e9e de Damas avec, au premier plan \u00e0 gauche la <em>Maison du Tr\u00e9sor<\/em> (utilis\u00e9e \u00e0 l\u2019\u00e9poque ommeyade pour entreproser le Tr\u00e9sor de l\u2019Etat) et au fond \u00e0 droite le bassin aux ablutions<\/p>\n\n\n\n<hr class=\"wp-block-separator\"\/>\n\n\n\n<h2 class=\"wp-block-heading\">La grande mosqu\u00e9e, un lieu de vie<\/h2>\n\n\n\n<p>\u00abDurant les journ\u00e9es, les traditionnaires lisent les ouvrages des hadiths sur des estrades \u00e9lev\u00e9es et les lecteurs du Coran d\u00e9clament avec des belles voix.<\/p>\n\n\n\n<p>Il y a un certain nombre d\u2019instituteurs pour expliquer le Coran, ils instruisent les enfants et les font lire. [\u2026]<\/p>\n\n\n\n<p>La cour offre une des plus jolies vues et des plus parfaites. Les habitants de la ville s\u2019y r\u00e9unissent tous les soirs, quelques uns lisent, d\u2019autres racontent la Sunna (Tradition), et d\u2019autres enfin se prom\u00e8nent. Ils ne se s\u00e9parent qu\u2019apr\u00e8s la derni\u00e8re pri\u00e8re du soir.\u00bb<\/p>\n\n\n\n<p class=\"has-text-align-right\">Ibn Battuta (1304 \u2013 1369), <em>Les voyages, De l\u2019Afrique du Nord \u00e0 La Mecque<\/em>, XIVe si\u00e8cle.<\/p>\n\n\n\n<hr class=\"wp-block-separator\"\/>\n\n\n\n<h2 class=\"wp-block-heading\"> <strong>La construction de la grande mosqu\u00e9e de Damas, VIII<sup>e <\/sup>si\u00e8cle.<\/strong><\/h2>\n\n\n\n<p>\n\u00ab&nbsp;On\na dit qu&rsquo;il y avait quatre merveilles au monde: le pont de Sandja, Ie\nphare d&rsquo;Alexandrie, I\u2019\u00e9glise d&rsquo;Edesse et la mosqu\u00e9e de Damas. \n<\/p>\n\n\n\n<p>\n\tLorsque\nal-Wal\u00eed b.\u2019Abd al-Malik voulut construire la mosqu\u00e9e de Damas, il fit venir les chr\u00e9tiens de la ville et leur dit: \u00ab Nous voulons ajouter \u00e0 notre mosqu\u00e9e votre \u00e9glise que voici; nous vous donnerons un emplacement d&rsquo;\u00e9glise l\u00e0 ou vous voudrez.\u00bb Or les chr\u00e9tiens le mirent en garde contre ce projet, en lui disant: \u00ab Nous trouvons dans notre Livre que personne ne d\u00e9molira l\u2019\u00e9glise sans p\u00e9rir d&rsquo;\u00e9touffement.\u00bb Et al-Wal\u00eed de r\u00e9pondre: \u00ab Eh bien! Je serai le premier \u00e0 la d\u00e9molir! \u00bb, et il s&rsquo;attaqua \u00e0 elle et la d\u00e9molit de sa main. [\u2026] <\/p>\n\n\n\n<p>\n\tAl-WaI\u00eed\nentreprit la construction de la mosqu\u00e9e de Damas et y d\u00e9pensa\nl&rsquo;imp\u00f4t foncier de l&rsquo;Etat durant sept ans, afin qu&rsquo;elle perp\u00e9tu\u00e2t\nson nom, et il acheva la mosqu\u00e9e en huit ans. [\u2026]<\/p>\n\n\n\n<p>\n\tLa\nmosqu\u00e9e de Damas est construite en marbre et en mosa\u00efque, couverte\nde teck, orn\u00e9e de lapis lazuli et d&rsquo;or. Le <em>mihr\u00e2b\n<\/em>est\nincrust\u00e9 de joyaux pr\u00e9cieux et de pierres merveilleuses.&nbsp;\u00bb \n<\/p>\n\n\n\n<p class=\"has-text-align-right\">\nIbn\nal-Faq\u00eeh al-Hamadh\u00e2n\u00ee (IXe si\u00e8cle), <em>Abr\u00e9g\u00e9 du Livre des\npays<\/em>, traduit de l\u2019arabe par H. Mass\u00e9, IFAO, 1973.<\/p>\n\n\n\n<hr class=\"wp-block-separator\"\/>\n\n\n\n<h2 class=\"wp-block-heading\"> <strong>Une description de la mosqu\u00e9e de Damas<\/strong><\/h2>\n\n\n\n<p> \u00abIl y a dans cette ville une mosqu\u00e9e qui surpasse en beaut\u00e9 et en composition architecturale toutes les autres mosqu\u00e9es du territoire de l\u2019islam. Les murs, ainsi que la coupole qui surmonte le mirhab, pr\u00e8s de la Maqsura, sont l\u2019\u0153uvre des Sab\u00e9ens<sup>1<\/sup>: c\u2019\u00e9tait leur temple. Puis il passa aux mains des Grecs qui y c\u00e9l\u00e9braient leur culte. Plus tard il devint la propri\u00e9t\u00e9 des Juifs et de certains adorateurs de statues et d\u2019idoles. C\u2019est \u00e0 cette \u00e9poque que fut tu\u00e9 Jean-[Baptiste], fils de Zacharie, que sur eux soit le salut. Sa t\u00eate fut expos\u00e9e au-dessus de la porte appel\u00e9e Bab Djaitrun.  C\u2019est alors que les chr\u00e9tiens prirent possession de l\u2019\u00e9difice; par leurs soins, il devint une \u00e9glise, dans laquelle ils c\u00e9l\u00e9br\u00e8rent leur culte jusqu\u2019\u00e0 l\u2019apparition de l\u2019islam. L\u2019endroit devint la propri\u00e9t\u00e9 des musulmans, qui en firent une mosqu\u00e9e. [Le calife] Walidibn Abdal-Malik restaura l\u2019\u00e9difice pendant son r\u00e8gne [\u2026] On dit que cette restauration engloutit plusieurs ann\u00e9es de l\u2019imp\u00f4t foncier de la Syrie.\u00bb  <\/p>\n\n\n\n<p class=\"has-text-align-right\">Ibn\nHawqal (g\u00e9ographe, X<sup>e <\/sup>si\u00e8cle)<\/p>\n\n\n\n<hr class=\"wp-block-separator\"\/>\n\n\n\n<h2 class=\"wp-block-heading\"> <strong>Un lieu de rencontre et de savoir.<\/strong><\/h2>\n\n\n\n<p>\n\u00abLa\nv\u00e9n\u00e9rable mosqu\u00e9e de Damas a un certain nombre de \u00ab&nbsp;coins&nbsp;\u00bb\nque les lettr\u00e9s fr\u00e9quentent pour copier des livres ou pour\nenseigner aux \u00e9tudiants. La\ncour est entour\u00e9e de galeries sur trois de ses c\u00f4t\u00e9s, lieu de\nrendez-vous, de promenade et d\u00e9lassement des\nhabitants de la ville. Chaque soir, on les voit aller et venir. l\u2019un\ns\u2019entretient avec un ami, l\u2019autre r\u00e9cite le Coran.\u00bb\n\n<\/p>\n\n\n\n<p class=\"has-text-align-right\">D\u2019apr\u00e8s\nIbn\nJubayr,<em>\nVoyages<\/em>(XII<sup>e\n<\/sup>si\u00e8cle)<\/p>\n","protected":false},"excerpt":{"rendered":"<p>L&rsquo;\u00e9volution de la Grande Mosqu\u00e9e Une vid\u00e9o propos\u00e9e par ruffinattojmonnet La salle de pri\u00e8re de la Grande mosqu\u00e9e de Damas Les musulmans font leurs ablution et se d\u00e9chaussent avant d\u2019entrer dans la&#46;&#46;&#46;<\/p>\n","protected":false},"author":2,"featured_media":2430,"comment_status":"open","ping_status":"open","sticky":false,"template":"","format":"standard","meta":{"footnotes":""},"categories":[165],"tags":[48,330,119,322,174,203],"class_list":["post-447","post","type-post","status-publish","format-standard","has-post-thumbnail","hentry","category-histoire","tag-5h1","tag-5h1l2","tag-damas","tag-histoire","tag-islam","tag-mosquee"],"_links":{"self":[{"href":"https:\/\/www.hgsempai.fr\/atelier\/index.php?rest_route=\/wp\/v2\/posts\/447","targetHints":{"allow":["GET"]}}],"collection":[{"href":"https:\/\/www.hgsempai.fr\/atelier\/index.php?rest_route=\/wp\/v2\/posts"}],"about":[{"href":"https:\/\/www.hgsempai.fr\/atelier\/index.php?rest_route=\/wp\/v2\/types\/post"}],"author":[{"embeddable":true,"href":"https:\/\/www.hgsempai.fr\/atelier\/index.php?rest_route=\/wp\/v2\/users\/2"}],"replies":[{"embeddable":true,"href":"https:\/\/www.hgsempai.fr\/atelier\/index.php?rest_route=%2Fwp%2Fv2%2Fcomments&post=447"}],"version-history":[{"count":4,"href":"https:\/\/www.hgsempai.fr\/atelier\/index.php?rest_route=\/wp\/v2\/posts\/447\/revisions"}],"predecessor-version":[{"id":3194,"href":"https:\/\/www.hgsempai.fr\/atelier\/index.php?rest_route=\/wp\/v2\/posts\/447\/revisions\/3194"}],"wp:featuredmedia":[{"embeddable":true,"href":"https:\/\/www.hgsempai.fr\/atelier\/index.php?rest_route=\/wp\/v2\/media\/2430"}],"wp:attachment":[{"href":"https:\/\/www.hgsempai.fr\/atelier\/index.php?rest_route=%2Fwp%2Fv2%2Fmedia&parent=447"}],"wp:term":[{"taxonomy":"category","embeddable":true,"href":"https:\/\/www.hgsempai.fr\/atelier\/index.php?rest_route=%2Fwp%2Fv2%2Fcategories&post=447"},{"taxonomy":"post_tag","embeddable":true,"href":"https:\/\/www.hgsempai.fr\/atelier\/index.php?rest_route=%2Fwp%2Fv2%2Ftags&post=447"}],"curies":[{"name":"wp","href":"https:\/\/api.w.org\/{rel}","templated":true}]}}