{"id":4447,"date":"2023-07-21T17:26:54","date_gmt":"2023-07-21T17:26:54","guid":{"rendered":"https:\/\/www.hgsempai.fr\/atelier\/?p=4447"},"modified":"2023-07-21T17:26:55","modified_gmt":"2023-07-21T17:26:55","slug":"le-regime-du-marechal-petain-un-regime-antirepublicain-1940-1944","status":"publish","type":"post","link":"https:\/\/www.hgsempai.fr\/atelier\/?p=4447","title":{"rendered":"Le r\u00e9gime du Mar\u00e9chal P\u00e9tain, un r\u00e9gime antir\u00e9publicain (1940 \u2013 1944)"},"content":{"rendered":"\n<h2 class=\"wp-block-heading\">Doc. 1- L\u2019entrevue de Montoire<\/h2>\n\n\n\n<figure class=\"wp-block-image size-full\"><img loading=\"lazy\" decoding=\"async\" width=\"800\" height=\"530\" src=\"https:\/\/www.hgsempai.fr\/atelier\/wp-content\/uploads\/2023\/07\/Bundesarchiv_Bild_183-H25217_Henry_Philippe_Petain_und_Adolf_Hitler.jpg\" alt=\"\" class=\"wp-image-4449\" srcset=\"https:\/\/www.hgsempai.fr\/atelier\/wp-content\/uploads\/2023\/07\/Bundesarchiv_Bild_183-H25217_Henry_Philippe_Petain_und_Adolf_Hitler.jpg 800w, https:\/\/www.hgsempai.fr\/atelier\/wp-content\/uploads\/2023\/07\/Bundesarchiv_Bild_183-H25217_Henry_Philippe_Petain_und_Adolf_Hitler-300x199.jpg 300w, https:\/\/www.hgsempai.fr\/atelier\/wp-content\/uploads\/2023\/07\/Bundesarchiv_Bild_183-H25217_Henry_Philippe_Petain_und_Adolf_Hitler-768x509.jpg 768w\" sizes=\"auto, (max-width: 800px) 100vw, 800px\" \/><\/figure>\n\n\n\n<p><a href=\"http:\/\/commons.wikimedia.org\/wiki\/File:Bundesarchiv_Bild_183-H25217,_Henry_Philippe_Petain_und_Adolf_Hitler.jpg#\/media\/File:Bundesarchiv_Bild_183-H25217,_Henry_Philippe_Petain_und_Adolf_Hitler.jpg\"><\/a><br>\u00ab\u202f<a href=\"http:\/\/commons.wikimedia.org\/wiki\/File:Bundesarchiv_Bild_183-H25217,_Henry_Philippe_Petain_und_Adolf_Hitler.jpg#\/media\/File:Bundesarchiv_Bild_183-H25217,_Henry_Philippe_Petain_und_Adolf_Hitler.jpg\">Bundesarchiv Bild 183-H25217, Henry Philippe Petain und Adolf Hitler<\/a>\u202f\u00bb par Bundesarchiv, Bild 183-H25217 \/ CC-BY-SA. Sous licence <a href=\"http:\/\/creativecommons.org\/licenses\/by-sa\/3.0\/de\/deed.en\">CC BY-SA 3.0 de<\/a> via <a href=\"http:\/\/commons.wikimedia.org\/wiki\/\">Wikimedia Commons<\/a>.<\/p>\n\n\n\n<hr class=\"wp-block-separator has-alpha-channel-opacity\"\/>\n\n\n\n<h2 class=\"wp-block-heading\">Doc. 2- P\u00e9tain entre dans la collaboration.<\/h2>\n\n\n\n<p>Message radiodiffus\u00e9 du Mar\u00e9chal P\u00e9tain (30 octobre 1940)<\/p>\n\n\n\n<figure class=\"wp-block-embed is-type-video is-provider-youtube wp-block-embed-youtube wp-embed-aspect-16-9 wp-has-aspect-ratio\"><div class=\"wp-block-embed__wrapper\">\n<div class=\"video-container\"><iframe loading=\"lazy\" title=\"Mar\u00e9chal P\u00e9tain - Discours du 30 octobre 1940 apr\u00e8s son entrevue avec Hitler \u00e0 Montoire\" width=\"500\" height=\"281\" src=\"https:\/\/www.youtube.com\/embed\/nQU0xOzC8YY?feature=oembed&#038;wmode=opaque\" frameborder=\"0\" allow=\"accelerometer; autoplay; clipboard-write; encrypted-media; gyroscope; picture-in-picture; web-share\" referrerpolicy=\"strict-origin-when-cross-origin\" allowfullscreen><\/iframe><\/div>\n<\/div><\/figure>\n\n\n\n<hr class=\"wp-block-separator has-alpha-channel-opacity\"\/>\n\n\n\n<h2 class=\"wp-block-heading\">Doc. 3- La R\u00e9volution nationale et l\u2019exaltation des valeurs traditionnelles.<\/h2>\n\n\n<div class=\"wp-block-image\">\n<figure class=\"aligncenter size-full\"><img loading=\"lazy\" decoding=\"async\" width=\"640\" height=\"330\" src=\"https:\/\/www.hgsempai.fr\/atelier\/wp-content\/uploads\/2023\/07\/640px-2015-06-04_16-53-48_piece.jpg\" alt=\"\" class=\"wp-image-4450\" srcset=\"https:\/\/www.hgsempai.fr\/atelier\/wp-content\/uploads\/2023\/07\/640px-2015-06-04_16-53-48_piece.jpg 640w, https:\/\/www.hgsempai.fr\/atelier\/wp-content\/uploads\/2023\/07\/640px-2015-06-04_16-53-48_piece-300x155.jpg 300w\" sizes=\"auto, (max-width: 640px) 100vw, 640px\" \/><\/figure>\n<\/div>\n\n\n<p><a href=\"https:\/\/commons.wikimedia.org\/wiki\/File:2015-06-04_16-53-48_piece.jpg#\/media\/File:2015-06-04_16-53-48_piece.jpg\"><\/a><br>\u00ab&nbsp;<a href=\"https:\/\/commons.wikimedia.org\/wiki\/File:2015-06-04_16-53-48_piece.jpg#\/media\/File:2015-06-04_16-53-48_piece.jpg\">2015-06-04 16-53-48 piece<\/a>&nbsp;\u00bb by <a href=\"http:\/\/commons.wikimedia.org\/wiki\/User:ComputerHotline\">Thomas Bresson<\/a> \u2013 Own work. Licensed under <a href=\"http:\/\/creativecommons.org\/licenses\/by\/3.0\">CC BY 3.0<\/a> via <a href=\"http:\/\/commons.wikimedia.org\/wiki\/\">Wikimedia Commons<\/a>.<\/p>\n\n\n<div class=\"wp-block-image\">\n<figure class=\"aligncenter size-full\"><img loading=\"lazy\" decoding=\"async\" width=\"672\" height=\"404\" src=\"https:\/\/www.hgsempai.fr\/atelier\/wp-content\/uploads\/2023\/07\/petain_25-_juin.jpg\" alt=\"\" class=\"wp-image-4451\" srcset=\"https:\/\/www.hgsempai.fr\/atelier\/wp-content\/uploads\/2023\/07\/petain_25-_juin.jpg 672w, https:\/\/www.hgsempai.fr\/atelier\/wp-content\/uploads\/2023\/07\/petain_25-_juin-300x180.jpg 300w\" sizes=\"auto, (max-width: 672px) 100vw, 672px\" \/><\/figure>\n<\/div>\n\n\n<hr class=\"wp-block-separator has-alpha-channel-opacity\"\/>\n\n\n\n<h2 class=\"wp-block-heading\">Doc. 4- Le Service du travail obligatoire (STO).<\/h2>\n\n\n\n<p>D\u2019abord sur la base du volontariat, le STO devient obligatoire \u00e0 partir de 1943 et oblige les jeunes hommes de 21 \u00e0 23 ans \u00e0 aller travailler en Allemagne.<\/p>\n\n\n<div class=\"wp-block-image\">\n<figure class=\"aligncenter size-full\"><img loading=\"lazy\" decoding=\"async\" width=\"529\" height=\"720\" src=\"https:\/\/www.hgsempai.fr\/atelier\/wp-content\/uploads\/2023\/07\/529px-Ils_donnent_leur_sang._Donnez_votre_travail_pour_sauver_lEurope_du_Bolchevisme_-_affiche.jpg\" alt=\"\" class=\"wp-image-4452\" srcset=\"https:\/\/www.hgsempai.fr\/atelier\/wp-content\/uploads\/2023\/07\/529px-Ils_donnent_leur_sang._Donnez_votre_travail_pour_sauver_lEurope_du_Bolchevisme_-_affiche.jpg 529w, https:\/\/www.hgsempai.fr\/atelier\/wp-content\/uploads\/2023\/07\/529px-Ils_donnent_leur_sang._Donnez_votre_travail_pour_sauver_lEurope_du_Bolchevisme_-_affiche-220x300.jpg 220w\" sizes=\"auto, (max-width: 529px) 100vw, 529px\" \/><\/figure>\n<\/div>\n\n\n<p class=\"has-text-align-center\">Source: <a href=\"http:\/\/commons.wikimedia.org\/wiki\/File:Vichy_War_Production_Propaganda.jpg#\/media\/File:Vichy_War_Production_Propaganda.jpg\"> Wikimedia Commons<\/a>.<\/p>\n\n\n\n<hr class=\"wp-block-separator has-alpha-channel-opacity\"\/>\n\n\n\n<h2 class=\"wp-block-heading\"><strong>Doc. 5- Un Etat antis\u00e9mite<\/strong><\/h2>\n\n\n<div class=\"wp-block-image\">\n<figure class=\"aligncenter size-full\"><img loading=\"lazy\" decoding=\"async\" width=\"800\" height=\"550\" src=\"https:\/\/www.hgsempai.fr\/atelier\/wp-content\/uploads\/2023\/07\/Bundesarchiv_Bild_183-S69238_Frankreich_Internierungslager_Pithiviers.jpg\" alt=\"\" class=\"wp-image-4453\" srcset=\"https:\/\/www.hgsempai.fr\/atelier\/wp-content\/uploads\/2023\/07\/Bundesarchiv_Bild_183-S69238_Frankreich_Internierungslager_Pithiviers.jpg 800w, https:\/\/www.hgsempai.fr\/atelier\/wp-content\/uploads\/2023\/07\/Bundesarchiv_Bild_183-S69238_Frankreich_Internierungslager_Pithiviers-300x206.jpg 300w, https:\/\/www.hgsempai.fr\/atelier\/wp-content\/uploads\/2023\/07\/Bundesarchiv_Bild_183-S69238_Frankreich_Internierungslager_Pithiviers-768x528.jpg 768w\" sizes=\"auto, (max-width: 800px) 100vw, 800px\" \/><figcaption class=\"wp-element-caption\"><strong>Enregistrement des juifs \u00e9trangers (mai 1941) \u00e0 Pithiviers dans le Loiret<\/strong>\u201e<a href=\"http:\/\/commons.wikimedia.org\/wiki\/File:Bundesarchiv_Bild_183-S69238,_Frankreich,_Internierungslager_Pithiviers.jpg#\/media\/File:Bundesarchiv_Bild_183-S69238,_Frankreich,_Internierungslager_Pithiviers.jpg\">Bundesarchiv Bild 183-S69238, Frankreich, Internierungslager Pithiviers<\/a>\u201c von Bundesarchiv, Bild 183-S69238 \/ CC-BY-SA Wikimedia Commons.<\/figcaption><\/figure>\n<\/div>\n\n<div class=\"wp-block-image\">\n<figure class=\"aligncenter size-full\"><img loading=\"lazy\" decoding=\"async\" width=\"668\" height=\"658\" src=\"https:\/\/www.hgsempai.fr\/atelier\/wp-content\/uploads\/2023\/07\/statut-des-juifs.jpg\" alt=\"\" class=\"wp-image-4454\" srcset=\"https:\/\/www.hgsempai.fr\/atelier\/wp-content\/uploads\/2023\/07\/statut-des-juifs.jpg 668w, https:\/\/www.hgsempai.fr\/atelier\/wp-content\/uploads\/2023\/07\/statut-des-juifs-300x296.jpg 300w, https:\/\/www.hgsempai.fr\/atelier\/wp-content\/uploads\/2023\/07\/statut-des-juifs-80x80.jpg 80w\" sizes=\"auto, (max-width: 668px) 100vw, 668px\" \/><\/figure>\n<\/div>\n\n\n<hr class=\"wp-block-separator has-alpha-channel-opacity\"\/>\n\n\n\n<h4 class=\"wp-block-heading\">Activit\u00e9:<\/h4>\n\n\n\n<h4 class=\"wp-block-heading\">Tu es journaliste \u00e0 Radio France et tu as assist\u00e9 \u00e0 la fin de la guerre au proc\u00e8s du Mar\u00e9chal P\u00e9tain en 1945. Ton directeur te demande de faire un reportage sur le R\u00e9gime de Vichy. Dans ce reportage, tu dois insister sur les principaux aspects du r\u00e9gime de Vichy et en quoi ils sont contraires aux id\u00e9es r\u00e9publicaines.<\/h4>\n\n\n\n<h4 class=\"wp-block-heading\">Attention tu n\u2019inventes pas une histoire, tu utilises tes connaissances et les documents qui sont mis \u00e0 ta disposition.<\/h4>\n\n\n\n<hr class=\"wp-block-separator has-alpha-channel-opacity\"\/>\n\n\n\n<h4 class=\"wp-block-heading\">Aide:<\/h4>\n\n\n\n<ol class=\"wp-block-list\">\n<li>Montre comment P\u00e9tain engage l\u2019Etat fran\u00e7ais dans la voie de la collaboration. (Doc. 1, 2 &amp; 4)<\/li>\n\n\n\n<li>Montre comment P\u00e9tain d\u00e9veloppe des id\u00e9es valorisant les valeurs traditionnelles. (Doc. 3)<\/li>\n\n\n\n<li>Montre que P\u00e9tain met en place un r\u00e9gime antis\u00e9mite (Doc. 5)<\/li>\n<\/ol>\n","protected":false},"excerpt":{"rendered":"<p>Activit\u00e9 pour d\u00e9crire la France de P\u00e9tain.<\/p>\n","protected":false},"author":1,"featured_media":4449,"comment_status":"open","ping_status":"open","sticky":false,"template":"","format":"standard","meta":{"footnotes":""},"categories":[165],"tags":[8,345,152,270],"class_list":["post-4447","post","type-post","status-publish","format-standard","has-post-thumbnail","hentry","category-histoire","tag-8","tag-3h1l4","tag-france","tag-vichy"],"_links":{"self":[{"href":"https:\/\/www.hgsempai.fr\/atelier\/index.php?rest_route=\/wp\/v2\/posts\/4447","targetHints":{"allow":["GET"]}}],"collection":[{"href":"https:\/\/www.hgsempai.fr\/atelier\/index.php?rest_route=\/wp\/v2\/posts"}],"about":[{"href":"https:\/\/www.hgsempai.fr\/atelier\/index.php?rest_route=\/wp\/v2\/types\/post"}],"author":[{"embeddable":true,"href":"https:\/\/www.hgsempai.fr\/atelier\/index.php?rest_route=\/wp\/v2\/users\/1"}],"replies":[{"embeddable":true,"href":"https:\/\/www.hgsempai.fr\/atelier\/index.php?rest_route=%2Fwp%2Fv2%2Fcomments&post=4447"}],"version-history":[{"count":1,"href":"https:\/\/www.hgsempai.fr\/atelier\/index.php?rest_route=\/wp\/v2\/posts\/4447\/revisions"}],"predecessor-version":[{"id":4455,"href":"https:\/\/www.hgsempai.fr\/atelier\/index.php?rest_route=\/wp\/v2\/posts\/4447\/revisions\/4455"}],"wp:featuredmedia":[{"embeddable":true,"href":"https:\/\/www.hgsempai.fr\/atelier\/index.php?rest_route=\/wp\/v2\/media\/4449"}],"wp:attachment":[{"href":"https:\/\/www.hgsempai.fr\/atelier\/index.php?rest_route=%2Fwp%2Fv2%2Fmedia&parent=4447"}],"wp:term":[{"taxonomy":"category","embeddable":true,"href":"https:\/\/www.hgsempai.fr\/atelier\/index.php?rest_route=%2Fwp%2Fv2%2Fcategories&post=4447"},{"taxonomy":"post_tag","embeddable":true,"href":"https:\/\/www.hgsempai.fr\/atelier\/index.php?rest_route=%2Fwp%2Fv2%2Ftags&post=4447"}],"curies":[{"name":"wp","href":"https:\/\/api.w.org\/{rel}","templated":true}]}}