{"id":4349,"date":"2023-07-19T13:24:26","date_gmt":"2023-07-19T13:24:26","guid":{"rendered":"https:\/\/www.hgsempai.fr\/atelier\/?p=4349"},"modified":"2023-07-19T13:24:27","modified_gmt":"2023-07-19T13:24:27","slug":"florence-un-centre-de-la-renaissance","status":"publish","type":"post","link":"https:\/\/www.hgsempai.fr\/atelier\/?p=4349","title":{"rendered":"Florence, un centre de la Renaissance"},"content":{"rendered":"\n<p><em><strong>A partir du milieu du XV<sup>e<\/sup> si\u00e8cle, sous le gouvernement des M\u00e9dicis, Florence, en Italie, devient un des centres de la Renaissance artistique.<\/strong><\/em><\/p>\n\n\n\n<h4 class=\"wp-block-heading\">Comment Florence devient in des premiers centres artistique de la Renaissance?<\/h4>\n\n\n\n<hr class=\"wp-block-separator has-alpha-channel-opacity\"\/>\n\n\n\n<h2 class=\"wp-block-heading\">Doc. 1- Florence au temps de Laurent de M\u00e9dicis dit le \u00ab&nbsp;Magnifique&nbsp;\u00bb<\/h2>\n\n\n<div class=\"wp-block-image\">\n<figure class=\"aligncenter\"><a href=\"https:\/\/upload.wikimedia.org\/wikipedia\/commons\/c\/c9\/Firenze%2C_pianta_della_catena.jpg\"><img decoding=\"async\" src=\"https:\/\/upload.wikimedia.org\/wikipedia\/commons\/c\/c9\/Firenze%2C_pianta_della_catena.jpg\" alt=\"Firenze, pianta della catena.jpg\"\/><\/a><\/figure>\n<\/div>\n\n\n<p>Francesco Rosseli, Pianta della catena, 1471 \u2013 1482 (mus\u00e9e du Palazzo Vecchio, Florence)<\/p>\n\n\n\n<p>By Unknown \u2013 <a href=\"http:\/\/www.vespuccifirenze.it\/wordpress\/wp-content\/themes\/vespucci_classic\/images\/galleria\/normal\/03d_Firenze_catena_ridisegnata_13_n.jpg\">http:\/\/www.vespuccifirenze.it\/wordpress\/wp-content\/themes\/vespucci_classic\/images\/galleria\/normal\/03d_Firenze_catena_ridisegnata_13_n.jpg<\/a>, Public Domain, <a href=\"https:\/\/commons.wikimedia.org\/w\/index.php?curid=32298310\">Link<\/a><br><\/p>\n\n\n<div class=\"wp-block-image\">\n<figure class=\"aligncenter size-full\"><img loading=\"lazy\" decoding=\"async\" width=\"665\" height=\"439\" src=\"https:\/\/www.hgsempai.fr\/atelier\/wp-content\/uploads\/2023\/07\/florence_medicis.png\" alt=\"\" class=\"wp-image-4350\" srcset=\"https:\/\/www.hgsempai.fr\/atelier\/wp-content\/uploads\/2023\/07\/florence_medicis.png 665w, https:\/\/www.hgsempai.fr\/atelier\/wp-content\/uploads\/2023\/07\/florence_medicis-300x198.png 300w\" sizes=\"auto, (max-width: 665px) 100vw, 665px\" \/><\/figure>\n<\/div>\n\n\n<hr class=\"wp-block-separator has-alpha-channel-opacity\"\/>\n\n\n\n<h2 class=\"wp-block-heading\">Doc. 2- Laurent de M\u00e9dicis, un prince m\u00e9c\u00e8ne<\/h2>\n\n\n\n<p>Laurent de M\u00e9dicis songea ensuite \u00e0 rendre sa cit\u00e9 plus grande et plus belle. Comme elle renfermait beaucoup d\u2019espaces d\u00e9pourvus d\u2019habitations, il fit tracer sur ces terrains de nouvelles rues pour y construire des b\u00e2timents, ce qui la rendit plus belle et plus grande. Gr\u00e2ce \u00e0 lui, la ville chaque fois qu\u2019elle n\u2019\u00e9tait pas en guerre, \u00e9tait perp\u00e9tuellement en f\u00eate, assistant \u00e0 des tournois, \u00e0 des cort\u00e8ges o\u00f9 l\u2019on repr\u00e9sentait des \u00e9v\u00e9nements et les hauts faits de l\u2019Antiquit\u00e9. Son but \u00e9tait de maintenir l\u2019abondance dans la patrie, l\u2019union parmi le peuple et de voir la noblesse honor\u00e9e. Il ch\u00e9rissait et s\u2019attachait tous ceux qui excellaient dans les arts ; il prot\u00e9geait les gens de lettres [\u2026]. Laurent faisait surtout ses d\u00e9lices de la musique, de l\u2019architecture, de la po\u00e9sie. Il existe de lui, dans ce dernier genre, plusieurs morceaux qu\u2019il a non seulement compos\u00e9s, mais encore enrichis de commentaires. Afin que la jeunesse de Florence p\u00fbt se livrer \u00e0 l\u2019\u00e9tude des belles-lettres, il fonda l\u2019universit\u00e9 de Pise o\u00f9 il appela les hommes les plus instruits qui fussent alors en Italie.<\/p>\n\n\n\n<p class=\"has-text-align-right\">Nicolas Machiavel, Histoires florentines, livre VIII, vers 1520.<\/p>\n\n\n\n<hr class=\"wp-block-separator has-alpha-channel-opacity\"\/>\n\n\n\n<h2 class=\"wp-block-heading\">Doc. 3- S\u2019inspirer de l\u2019art antique<\/h2>\n\n\n\n<p>Bruneschelli<sup>1<\/sup> s\u2019en alla \u00e0 Rome tout en regardant les sculptures, il remarqua le mode de construction des anciens<sup>2<\/sup> et sa sym\u00e9trie. En y voyant tant de merveilles et de beaut\u00e9s, il se mit en t\u00eate de retrouver la mani\u00e8re antique de construire dans son excellence, son ing\u00e9niosit\u00e9, ses proportions musicales. Pendant ce s\u00e9jour \u00e0 Rome, il eut presque continuellement avec lui le sculpteur Donatello, ils faisaient ensemble des relev\u00e9s approximatifs de presque tous les \u00e9difices de Rome et de beaucoup de lieux des environs, avec les mesures de la largeur et de la hauteur autant qu\u2019ils pouvaient s\u2019en assurer.<\/p>\n\n\n\n<p class=\"has-text-align-right\">D\u2019apr\u00e8s La Vie de Filippo Brunelleschi, attribu\u00e9e \u00e0 Antonio Manetti, XV\u1d49 si\u00e8cle.<\/p>\n\n\n\n<p>1- Bruneschelli est l\u2019architecte du \u00ab&nbsp;Duomo&nbsp;\u00bb, la cath\u00e9drale surmont\u00e9 d\u2019un d\u00f4me de 45 m\u00e8tres.<\/p>\n\n\n\n<p>2- De l\u2019Antiquit\u00e9.<\/p>\n\n\n\n<hr class=\"wp-block-separator has-alpha-channel-opacity\"\/>\n\n\n\n<h2 class=\"wp-block-heading\">Questions:<\/h2>\n\n\n\n<ol class=\"wp-block-list\">\n<li>D\u00e9crivez la ville de Florence au temps des M\u00e9dicis<\/li>\n\n\n\n<li>Comment Laurent de M\u00e9dicis contribue-t-il \u00e0 embellir la ville de Florence?<\/li>\n\n\n\n<li>Quel est le r\u00f4le d\u2019un prince m\u00e9c\u00e8ne?<\/li>\n\n\n\n<li>A quels domaines artistiques Bruneschelli et Donatello s\u2019int\u00e9ressent-ils? Que sont all\u00e9s faire \u00e0 Rome?<\/li>\n<\/ol>\n","protected":false},"excerpt":{"rendered":"<p>Etude documentaire sur la ville de Florence au temps des M\u00e9dicis<\/p>\n","protected":false},"author":1,"featured_media":4350,"comment_status":"open","ping_status":"open","sticky":false,"template":"","format":"standard","meta":{"footnotes":""},"categories":[165],"tags":[383,947,558],"class_list":["post-4349","post","type-post","status-publish","format-standard","has-post-thumbnail","hentry","category-histoire","tag-5h3l2","tag-florence","tag-renaissance"],"_links":{"self":[{"href":"https:\/\/www.hgsempai.fr\/atelier\/index.php?rest_route=\/wp\/v2\/posts\/4349","targetHints":{"allow":["GET"]}}],"collection":[{"href":"https:\/\/www.hgsempai.fr\/atelier\/index.php?rest_route=\/wp\/v2\/posts"}],"about":[{"href":"https:\/\/www.hgsempai.fr\/atelier\/index.php?rest_route=\/wp\/v2\/types\/post"}],"author":[{"embeddable":true,"href":"https:\/\/www.hgsempai.fr\/atelier\/index.php?rest_route=\/wp\/v2\/users\/1"}],"replies":[{"embeddable":true,"href":"https:\/\/www.hgsempai.fr\/atelier\/index.php?rest_route=%2Fwp%2Fv2%2Fcomments&post=4349"}],"version-history":[{"count":1,"href":"https:\/\/www.hgsempai.fr\/atelier\/index.php?rest_route=\/wp\/v2\/posts\/4349\/revisions"}],"predecessor-version":[{"id":4351,"href":"https:\/\/www.hgsempai.fr\/atelier\/index.php?rest_route=\/wp\/v2\/posts\/4349\/revisions\/4351"}],"wp:featuredmedia":[{"embeddable":true,"href":"https:\/\/www.hgsempai.fr\/atelier\/index.php?rest_route=\/wp\/v2\/media\/4350"}],"wp:attachment":[{"href":"https:\/\/www.hgsempai.fr\/atelier\/index.php?rest_route=%2Fwp%2Fv2%2Fmedia&parent=4349"}],"wp:term":[{"taxonomy":"category","embeddable":true,"href":"https:\/\/www.hgsempai.fr\/atelier\/index.php?rest_route=%2Fwp%2Fv2%2Fcategories&post=4349"},{"taxonomy":"post_tag","embeddable":true,"href":"https:\/\/www.hgsempai.fr\/atelier\/index.php?rest_route=%2Fwp%2Fv2%2Ftags&post=4349"}],"curies":[{"name":"wp","href":"https:\/\/api.w.org\/{rel}","templated":true}]}}