{"id":3924,"date":"2022-04-18T08:55:31","date_gmt":"2022-04-18T08:55:31","guid":{"rendered":"http:\/\/www.hgsempai.fr\/atelier\/?p=3924"},"modified":"2022-04-18T08:55:31","modified_gmt":"2022-04-18T08:55:31","slug":"la-conference-de-berlin-1884-1885","status":"publish","type":"post","link":"https:\/\/www.hgsempai.fr\/atelier\/?p=3924","title":{"rendered":"La conf\u00e9rence de Berlin (1884 &#8211; 1885)"},"content":{"rendered":"\n<div class=\"wp-block-image\"><figure class=\"alignleft size-full\"><img loading=\"lazy\" decoding=\"async\" width=\"381\" height=\"293\" src=\"https:\/\/www.hgsempai.fr\/atelier\/wp-content\/uploads\/2022\/04\/Afrikakonferenz-1.jpg\" alt=\"\" class=\"wp-image-3926\" srcset=\"https:\/\/www.hgsempai.fr\/atelier\/wp-content\/uploads\/2022\/04\/Afrikakonferenz-1.jpg 381w, https:\/\/www.hgsempai.fr\/atelier\/wp-content\/uploads\/2022\/04\/Afrikakonferenz-1-300x231.jpg 300w\" sizes=\"auto, (max-width: 381px) 100vw, 381px\" \/><\/figure><\/div>\n\n\n\n<p>La conf\u00e9rence de Berlin marqua l\u2019organisation et la collaboration europ\u00e9enne pour le partage et la division de l\u2019Afrique. Aussi connue comme la conf\u00e9rence de l&rsquo;Afrique de l&rsquo;Ouest, elle commen\u00e7a le 15 novembre 1884 \u00e0 Berlin et finit le 26 f\u00e9vrier 1885. \u00c0 l&rsquo;initiative du chancelier Otto von Bismarck, l\u2019Allemagne, l\u2019Autriche-Hongrie, la Belgique, le Danemark, l&rsquo;Empire ottoman, l\u2019Espagne, la France, le Royaume-Uni, l\u2019Italie, les Pays-Bas, le Portugal, la Russie, la Su\u00e8de-Norv\u00e8ge ainsi que les \u00c9tats-Unis y particip\u00e8rent.  La conf\u00e9rence de Berlin aboutit principalement \u00e0 \u00e9dicter les r\u00e8gles officielles de colonisation.<\/p>\n\n\n\n<p><\/p>\n\n\n\n<p><\/p>\n\n\n\n<p><\/p>\n\n\n\n<hr class=\"wp-block-separator\"\/>\n\n\n\n<h2 class=\"wp-block-heading\"><strong>D\u00c9CLARATION FINALE DE LA CONF\u00c9RENCE DE BERLIN (1884 \u2013 1885).<\/strong><\/h2>\n\n\n\n<p>\u00ab Voulant r\u00e9gler dans un esprit de bonne entente mutuelle, les conditions les plus favorables au d\u00e9veloppement du commerce et de la civilisation dans certaines r\u00e9gions de l\u2019Afrique, et assurer \u00e0 tous les peuples les avantages de la libre navigation sur les deux principaux fleuves africains qui se d\u00e9versent dans l\u2019oc\u00e9an Atlantique ; d\u00e9sireuses d\u2019autre part, de pr\u00e9venir les malentendus et les contestations que pourraient soulever \u00e0 l\u2019avenir les prises de possession nouvelles sur les c\u00f4tes d\u2019Afrique, et pr\u00e9occup\u00e9es en m\u00eame temps des moyens d\u2019accro\u00eetre le bien-\u00eatre moral et mat\u00e9riel des populations indig\u00e8nes, [les puissances europ\u00e9ennes] ont r\u00e9solu, sur l\u2019invitation qui leur a \u00e9t\u00e9 adress\u00e9e par le Gouvernement imp\u00e9rial d\u2019Allemagne, d\u2019accord avec le gouvernement de la R\u00e9publique fran\u00e7aise, de r\u00e9unir \u00e0 cette fin une conf\u00e9rence \u00e0 Berlin.<\/p>\n\n\n\n<p><strong>Article premier<\/strong> : Le commerce de toutes les nations jouira d\u2019une compl\u00e8te libert\u00e9. [\u2026]<\/p>\n\n\n\n<p><strong>Art. 5<\/strong> : Toute puissance qui exerce ou exercera dans les territoires susvis\u00e9s ne pourra y conc\u00e9der ni m\u00e9tropole, ni privil\u00e8ge d\u2019aucune esp\u00e8ce en mati\u00e8re commerciale.<\/p>\n\n\n\n<p><strong>Art. 6<\/strong> : Toutes les puissances exer\u00e7ant des droits de souverainet\u00e9 ou une influence dans lesdits territoires s\u2019engagent \u00e0 veiller \u00e0 la conservation des populations indig\u00e8nes et \u00e0 l\u2019am\u00e9lioration de leurs conditions morales et mat\u00e9rielles d\u2019existence, et \u00e0 concourir \u00e0 la suppression de l\u2019esclavage et surtout de la traite des Noirs. [\u2026]<\/p>\n\n\n\n<p>La libert\u00e9 de conscience et la tol\u00e9rance religieuse sont express\u00e9ment garanties aux indig\u00e8nes comme aux nationaux et aux \u00e9trangers. Le libre et public exercice de tous les cultes ne sera soumis \u00e0 aucune restriction ni entrave. \u00bb<\/p>\n\n\n\n<hr class=\"wp-block-separator\"\/>\n\n\n\n<h2 class=\"wp-block-heading\">QUESTIONS :<\/h2>\n\n\n\n<ol class=\"wp-block-list\"><li>Pr\u00e9sentez le texte (insistez sur le contexte historique).<\/li><li>Quels probl\u00e8mes cette conf\u00e9rence veut-elle r\u00e9gler ? Comment sont-ils r\u00e9solus (ici) ?<\/li><li>Pourquoi, d\u2019apr\u00e8s ce texte, les Europ\u00e9ens se sont-ils lanc\u00e9s dans la colonisation ?<\/li><li>Comment le texte envisage-t-il les rapports avec les peuples colonis\u00e9s ? Confrontez ce qui est \u00e9crit \u00e0 la r\u00e9alit\u00e9 de la colonisation.<\/li><\/ol>\n","protected":false},"excerpt":{"rendered":"<p>Etudier un extrait de la d\u00e9claration finale de la conf\u00e9rence de Berlin (1885)<\/p>\n","protected":false},"author":1,"featured_media":3926,"comment_status":"open","ping_status":"open","sticky":false,"template":"","format":"standard","meta":{"footnotes":""},"categories":[165],"tags":[886,347,76,885],"class_list":["post-3924","post","type-post","status-publish","format-standard","has-post-thumbnail","hentry","category-histoire","tag-886","tag-4h2l2","tag-berlin","tag-conference"],"_links":{"self":[{"href":"https:\/\/www.hgsempai.fr\/atelier\/index.php?rest_route=\/wp\/v2\/posts\/3924","targetHints":{"allow":["GET"]}}],"collection":[{"href":"https:\/\/www.hgsempai.fr\/atelier\/index.php?rest_route=\/wp\/v2\/posts"}],"about":[{"href":"https:\/\/www.hgsempai.fr\/atelier\/index.php?rest_route=\/wp\/v2\/types\/post"}],"author":[{"embeddable":true,"href":"https:\/\/www.hgsempai.fr\/atelier\/index.php?rest_route=\/wp\/v2\/users\/1"}],"replies":[{"embeddable":true,"href":"https:\/\/www.hgsempai.fr\/atelier\/index.php?rest_route=%2Fwp%2Fv2%2Fcomments&post=3924"}],"version-history":[{"count":2,"href":"https:\/\/www.hgsempai.fr\/atelier\/index.php?rest_route=\/wp\/v2\/posts\/3924\/revisions"}],"predecessor-version":[{"id":3928,"href":"https:\/\/www.hgsempai.fr\/atelier\/index.php?rest_route=\/wp\/v2\/posts\/3924\/revisions\/3928"}],"wp:featuredmedia":[{"embeddable":true,"href":"https:\/\/www.hgsempai.fr\/atelier\/index.php?rest_route=\/wp\/v2\/media\/3926"}],"wp:attachment":[{"href":"https:\/\/www.hgsempai.fr\/atelier\/index.php?rest_route=%2Fwp%2Fv2%2Fmedia&parent=3924"}],"wp:term":[{"taxonomy":"category","embeddable":true,"href":"https:\/\/www.hgsempai.fr\/atelier\/index.php?rest_route=%2Fwp%2Fv2%2Fcategories&post=3924"},{"taxonomy":"post_tag","embeddable":true,"href":"https:\/\/www.hgsempai.fr\/atelier\/index.php?rest_route=%2Fwp%2Fv2%2Ftags&post=3924"}],"curies":[{"name":"wp","href":"https:\/\/api.w.org\/{rel}","templated":true}]}}