{"id":3704,"date":"2022-02-24T14:19:05","date_gmt":"2022-02-24T14:19:05","guid":{"rendered":"http:\/\/www.hgsempai.fr\/atelier\/?p=3704"},"modified":"2022-02-26T16:02:47","modified_gmt":"2022-02-26T16:02:47","slug":"le-proletariat","status":"publish","type":"post","link":"https:\/\/www.hgsempai.fr\/atelier\/?p=3704","title":{"rendered":"Le prol\u00e9tariat"},"content":{"rendered":"\n<blockquote class=\"wp-block-quote is-layout-flow wp-block-quote-is-layout-flow\"><p>Avec la r\u00e9volution industrielle, les ouvriers d\u2019usines ou de mines sont de plus en plus nombreux: on les appelle les prol\u00e9taires du fait de la duret\u00e9 de leurs conditions de travail et de vie.<\/p><\/blockquote>\n\n\n\n<hr class=\"wp-block-separator\"\/>\n\n\n\n<h2 class=\"wp-block-heading\"><strong>Doc. 1 \u2013 L\u2019enfer de la mine<\/strong><\/h2>\n\n\n\n<p>\u00ab&nbsp;Les quatre mineurs venaient de s\u2019allonger les uns au-dessus des autres, sur toute la mont\u00e9e du front de taille.S\u00e9par\u00e9s par les planches \u00e0 crochets qui retenaient le charbon abattu, ils occupaient chacun quatre m\u00e8tres environ de la veine, et cette veine \u00e9tait si mince, \u00e9paisse \u00e0 peine \u00e0 cet endroit de cinquante centim\u00e8tres, qu\u2019ils se trouvaient l\u00e0 comme aplatis entre le toit et le mur, se tra\u00eenant des genoux et des coudes, ne pouvant se retourner sans se meurtrir les \u00e9paules. Ils devaient pour attaquer la houille rester couch\u00e9s sur le flanc, le cou tordu, les bras lev\u00e9s et brandissant de biais la rivelaine, c\u2019est-\u00e0-dire le pic \u00e0 manche court [\u2026]. En haut, la temp\u00e9rature montait jusqu\u2019\u00e0 trente-cinq degr\u00e9s, l\u2019air ne circulait pas, l\u2019\u00e9touffement \u00e0 la longue devenait mortel.&nbsp;\u00bb<\/p>\n\n\n\n<p class=\"has-text-align-right\">\u00c9mile ZOLA, Germinal.<\/p>\n\n\n\n<hr class=\"wp-block-separator\"\/>\n\n\n\n<h2 class=\"wp-block-heading\"><strong>Doc. 2- le travail des enfants.<\/strong><\/h2>\n\n\n\n<figure class=\"wp-block-image\"><img decoding=\"async\" src=\"https:\/\/upload.wikimedia.org\/wikipedia\/commons\/thumb\/f\/f4\/Breaker_boys_working_in_Ewen_Breaker._S._Pittston%2C_Pa._-_NARA_-_523380.jpg\/800px-Breaker_boys_working_in_Ewen_Breaker._S._Pittston%2C_Pa._-_NARA_-_523380.jpg\" alt=\"\"\/><figcaption>Lewis Wickes Hine, <em>Breaker boys working in Ewen <\/em>Breaker. S. Pittston, Pa.<br>Wikimedia commons<\/figcaption><\/figure>\n\n\n\n<hr class=\"wp-block-separator\"\/>\n\n\n\n<h2 class=\"wp-block-heading\"><strong>Doc. 3 \u2013 Le logement ouvrier \u00e0 Roubaix vers 1860<\/strong><\/h2>\n\n\n\n<p>\u00ab&nbsp;Les anciens forts<sup>1<\/sup> sont plac\u00e9s \u00e0 plusieurs kilom\u00e8tres des filatures. Les maisons sont mal construites, serr\u00e9es les unes contre les autres. Dans plusieurs forts, il n\u2019y a pas de ruisseau pour l\u2019\u00e9coulement des eaux m\u00e9nag\u00e8res. Dans le fort Wattel, un logement au premier; on y monte par une \u00e9chelle et une trappe sans porte. Superficie, deux m\u00e8tres cinquante sur trois m\u00e8tres, une seule fen\u00eatre \u00e9troite et basse. Ce local est habit\u00e9 par quatre personnes, le p\u00e8re, la m\u00e8re, et deux enfants [\u2026] Dans un angle d\u2019une chambre voisine (habit\u00e9e par une femme et cinq enfants en bas \u00e2ge), on a fait une pi\u00e8ce o\u00f9 peut tenir un lit; la locataire l\u2019a sous-lou\u00e9e \u00e0 une femme abandonn\u00e9e par son amant, avec un enfant de quelques semaines sur les bras. Outre le lit, il y a une chaise sur laquelle on met en hiver une terrine remplie de charbon allum\u00e9. L\u2019enfant est plac\u00e9 sur le lit, o\u00f9 il reste seul tout le jour. La m\u00e8re vient l\u2019allaiter \u00e0 midi\u2026 \u00bb<\/p>\n\n\n\n<p class=\"has-text-align-right\">D\u2019apr\u00e8s J. Simon, <em>Le Travail<\/em>, 1866.<\/p>\n\n\n\n<p>1. Un fort est une cit\u00e9 ouvri\u00e8re dans le Nord.<\/p>\n\n\n\n<hr class=\"wp-block-separator\"\/>\n\n\n\n<h2 class=\"wp-block-heading\"><strong>Doc. 4 \u2013 \u00c9volution de la condition ouvri\u00e8re en France<\/strong><\/h2>\n\n\n\n<p>\u00ab Le travailleur, mis\u00e9rable au commencement du si\u00e8cle, a vu sa condition mat\u00e9rielle tr\u00e8s notablement am\u00e9lior\u00e9e. Son budget lui apporte un bien-\u00eatre modeste, mais jadis inconnu. Les augmentations de salaires varient, \u00e0 la v\u00e9rit\u00e9, avec les professions et suivant les r\u00e9gions. La hausse des salaires journaliers co\u00efncide avec une r\u00e9duction du nombre d\u2019heures de travail. En 1840, Villerm\u00e9 \u00e9valuait \u00e013 heures par jour la dur\u00e9e de travail effectif, repos d\u00e9duit. D\u00e8s 1900, la moyenne \u00e9tait descendue \u00e0 dix heures et demie. Le progr\u00e8s est certain, et pourtant il doit se pour- suivre, car la situation de l\u2019ouvrier n\u2019a pas cess\u00e9 d\u2019\u00eatre difficile. M\u00eame dans le cas le plus favorable, le salaire moyen est de 100 francs par mois, et combien d\u2019ouvriers sont en dessous de la moyenne&nbsp;? Quant \u00e0 l\u2019ouvri\u00e8re, elle se trouve avec 75 francs par mois \u00e0 Paris et 50 ailleurs, et m\u00eame moins si elle travaille \u00e0 domicile.\u00bb<\/p>\n\n\n\n<p class=\"has-text-align-right\">D\u2019apr\u00e8s Alfred PICARD, Le bilan d\u2019un si\u00e8cle, 1906.<\/p>\n\n\n\n<hr class=\"wp-block-separator\"\/>\n\n\n\n<h2 class=\"wp-block-heading\"><strong>Doc. 5 \u2013 Le budget d\u2019une famille d\u2019ouvriers en 1914<\/strong><\/h2>\n\n\n\n<div class=\"wp-block-image\"><figure class=\"aligncenter size-full\"><img loading=\"lazy\" decoding=\"async\" width=\"696\" height=\"570\" src=\"https:\/\/www.hgsempai.fr\/atelier\/wp-content\/uploads\/2022\/02\/budget_famille_ouvrier.png\" alt=\"\" class=\"wp-image-3705\" srcset=\"https:\/\/www.hgsempai.fr\/atelier\/wp-content\/uploads\/2022\/02\/budget_famille_ouvrier.png 696w, https:\/\/www.hgsempai.fr\/atelier\/wp-content\/uploads\/2022\/02\/budget_famille_ouvrier-300x246.png 300w\" sizes=\"auto, (max-width: 696px) 100vw, 696px\" \/><\/figure><\/div>\n\n\n\n<hr class=\"wp-block-separator\"\/>\n\n\n\n<h2 class=\"wp-block-heading\">Pour aller plus loin<\/h2>\n\n\n\n<figure class=\"wp-block-embed is-type-video is-provider-youtube wp-block-embed-youtube wp-embed-aspect-4-3 wp-has-aspect-ratio\"><div class=\"wp-block-embed__wrapper\">\n<div class=\"video-container\"><iframe loading=\"lazy\" title=\"Les mineurs au XIXe si\u00e8cle\" width=\"500\" height=\"375\" src=\"https:\/\/www.youtube.com\/embed\/1e0B99ZyEeI?feature=oembed&#038;wmode=opaque\" frameborder=\"0\" allow=\"accelerometer; autoplay; clipboard-write; encrypted-media; gyroscope; picture-in-picture; web-share\" referrerpolicy=\"strict-origin-when-cross-origin\" allowfullscreen><\/iframe><\/div>\n<\/div><figcaption>Une capsule \u00e0 retrouver sur la chaine de <a href=\"https:\/\/www.youtube.com\/channel\/UC87ht_oZvM3YTdyY5W_Z5wA\">Pierrick Auger<\/a><\/figcaption><\/figure>\n","protected":false},"excerpt":{"rendered":"<p>Avec la r\u00e9volution industrielle, les ouvriers d\u2019usines ou de mines sont de plus en plus nombreux: on les appelle les prol\u00e9taires du fait de la duret\u00e9 de leurs conditions de travail et de vie.<\/p>\n","protected":false},"author":1,"featured_media":3705,"comment_status":"open","ping_status":"open","sticky":false,"template":"","format":"standard","meta":{"footnotes":""},"categories":[165],"tags":[344,216,828,827],"class_list":["post-3704","post","type-post","status-publish","format-standard","has-post-thumbnail","hentry","category-histoire","tag-4h2l1","tag-ouvriers","tag-proletaire","tag-proletariat"],"_links":{"self":[{"href":"https:\/\/www.hgsempai.fr\/atelier\/index.php?rest_route=\/wp\/v2\/posts\/3704","targetHints":{"allow":["GET"]}}],"collection":[{"href":"https:\/\/www.hgsempai.fr\/atelier\/index.php?rest_route=\/wp\/v2\/posts"}],"about":[{"href":"https:\/\/www.hgsempai.fr\/atelier\/index.php?rest_route=\/wp\/v2\/types\/post"}],"author":[{"embeddable":true,"href":"https:\/\/www.hgsempai.fr\/atelier\/index.php?rest_route=\/wp\/v2\/users\/1"}],"replies":[{"embeddable":true,"href":"https:\/\/www.hgsempai.fr\/atelier\/index.php?rest_route=%2Fwp%2Fv2%2Fcomments&post=3704"}],"version-history":[{"count":2,"href":"https:\/\/www.hgsempai.fr\/atelier\/index.php?rest_route=\/wp\/v2\/posts\/3704\/revisions"}],"predecessor-version":[{"id":3711,"href":"https:\/\/www.hgsempai.fr\/atelier\/index.php?rest_route=\/wp\/v2\/posts\/3704\/revisions\/3711"}],"wp:featuredmedia":[{"embeddable":true,"href":"https:\/\/www.hgsempai.fr\/atelier\/index.php?rest_route=\/wp\/v2\/media\/3705"}],"wp:attachment":[{"href":"https:\/\/www.hgsempai.fr\/atelier\/index.php?rest_route=%2Fwp%2Fv2%2Fmedia&parent=3704"}],"wp:term":[{"taxonomy":"category","embeddable":true,"href":"https:\/\/www.hgsempai.fr\/atelier\/index.php?rest_route=%2Fwp%2Fv2%2Fcategories&post=3704"},{"taxonomy":"post_tag","embeddable":true,"href":"https:\/\/www.hgsempai.fr\/atelier\/index.php?rest_route=%2Fwp%2Fv2%2Ftags&post=3704"}],"curies":[{"name":"wp","href":"https:\/\/api.w.org\/{rel}","templated":true}]}}