{"id":3701,"date":"2022-02-24T13:54:49","date_gmt":"2022-02-24T13:54:49","guid":{"rendered":"http:\/\/www.hgsempai.fr\/atelier\/?p=3701"},"modified":"2023-07-02T16:09:09","modified_gmt":"2023-07-02T16:09:09","slug":"la-montee-des-classes-moyennes","status":"publish","type":"post","link":"https:\/\/www.hgsempai.fr\/atelier\/?p=3701","title":{"rendered":"La mont\u00e9e des classes moyennes"},"content":{"rendered":"\n<blockquote class=\"wp-block-quote is-layout-flow wp-block-quote-is-layout-flow\">\n<p>Les classes moyennes regroupent des professions tr\u00e8s diverses \u00e0 la fois traditionnelles (petits patrons de l\u2019artisanat et du commerce) et nouvelles (m\u00e9decins, journalistes, ing\u00e9nieurs, enseignants, employ\u00e9s, \u2026). Ces classes ont en commun des vies laborieuses et aust\u00e8res, le souci de se diff\u00e9rencier du monde ouvrier, l\u2019importance attach\u00e9e \u00e0 l\u2019\u00e9pargne pour se constituer un patrimoine, l\u2019attention donn\u00e9e \u00e0 l\u2019\u00e9ducation des \u00e9l\u00e8ves.<\/p>\n<\/blockquote>\n\n\n\n<hr class=\"wp-block-separator has-css-opacity\"\/>\n\n\n\n<h2 class=\"wp-block-heading\">D<strong>oc. 1- L\u2019employ\u00e9 en France<\/strong><\/h2>\n\n\n\n<p>L\u2019employ\u00e9 est commis de ce magasin, de bazar, d\u2019\u00e9picier, calicot, courtier, comptable, voyageur de commerce; il est employ\u00e9 d\u2019administration, de banque d\u2019assurance; il est fonctionnaire bien ou mal r\u00e9tribu\u00e9, employ\u00e9 de l\u2019\u00c9tat ou des communes, secr\u00e9taire de mairie, commis des douanes, des contributions, des postes et t\u00e9l\u00e9graphes. La gamme varie \u00e0 l\u2019infini et malgr\u00e9 de r\u00e9elles analogies il y a entre chaque cat\u00e9gorie des diff\u00e9rences tr\u00e8s profondes qui font qu\u2019on ne peut appliquer \u00e0 toutes les m\u00eames observations. Le travail de bureau par exemple, ne ressemble pas \u00e0 celui de magasin. Les conditions de travail du commis de bazar ne sont pas celles de l\u2019employ\u00e9 de bureau. [\u2026]<\/p>\n\n\n\n<p>Sans doute l\u2019employ\u00e9 est un travailleur et un salari\u00e9 comme l\u2019ouvrier. Mais il y a entre eux une diff\u00e9rence sociale tr\u00e8s marqu\u00e9e qui en fait incontestablement une autre classe s\u00e9par\u00e9e de la classe ouvri\u00e8re tant au point de vue de l\u2019origine, des affinit\u00e9s propres que des conditions de travail et du r\u00f4le \u00e9conomique lui-m\u00eame.<\/p>\n\n\n\n<p>L\u2019ouvrier a un m\u00e9tier. L\u2019employ\u00e9 n\u2019en a pour ainsi dire pas.<\/p>\n\n\n\n<p>L\u2019ouvrier a toujours exist\u00e9. L\u2019employ\u00e9 date \u00e0 peu pr\u00e8s du XXe si\u00e8cle. [\u2026]<\/p>\n\n\n\n<p>L\u2019employ\u00e9 n\u2019est plus le collaborateur, l\u2019auxiliaire direct, int\u00e9ress\u00e9, souvent l\u2019ami du patron: il est devenu le salari\u00e9 anonyme, le \u00ab&nbsp;num\u00e9ro&nbsp;\u00bb; et m\u00eame dans ce r\u00f4le sa situation est plus difficile que celle de \u2018louvrier; plac\u00e9 plus pr\u00e8s du patron, il a moins d\u2019ind\u00e9pendance.<\/p>\n\n\n\n<p class=\"has-text-align-right\">A. Artaud, <em>La question de l\u2019employ\u00e9 en France, Etude sociale et professionnelle<\/em>, Paris, 1909.<\/p>\n\n\n\n<hr class=\"wp-block-separator has-css-opacity\"\/>\n\n\n\n<h2 class=\"wp-block-heading\">Doc. 2- La vie d\u2019une famille.<\/h2>\n\n\n\n<p>\u00ab&nbsp;Madame est marchande en gros aux Halles. Monsieur, quand Madame se l\u00e8ve, passe dans un sombre cabinet o\u00f9 il pr\u00eate \u00e0 la petite semaine aux commer\u00e7ants de son quartier. A neuf heures, il se trouve au bureau des passeports dont il est un des sous-chefs. Le soir, il est \u00e0 la caisse du Th\u00e9\u00e2tre italien. Les enfants sont mis en nourrice et en reviennent pour aller au pensionnat. Monsieur et madame demeurent \u00e0 un troisi\u00e8me \u00e9tage, n\u2019ont qu\u2019une cuisini\u00e8re, donnent des bals dans un salon de quatre m\u00e8tres sur trois&nbsp;; mais ils donnent 150 000 francs \u00e0 leur fille qui se marie et reposent \u00e0 cinquante ans [\u2026].<\/p>\n\n\n\n<p>Ces travaux de toute une vie profitent aux enfants que cette petite bourgeoisie tend fatalement \u00e0 \u00e9lever dans la haute. Le fils du riche \u00e9picier se fait notaire, le fils du marchand de bois se fait magistrat.&nbsp;\u00bb<\/p>\n\n\n\n<p class=\"has-text-align-right\">Honor\u00e9 de Balzac, <em>La Fille aux yeux d\u2019or<\/em>, 1835<\/p>\n\n\n\n<hr class=\"wp-block-separator has-css-opacity\"\/>\n\n\n\n<h2 class=\"wp-block-heading\"><strong>Doc. 3 \u2013 Le budget d\u2019une famille moyenne en 1914<\/strong><\/h2>\n\n\n<div class=\"wp-block-image\">\n<figure class=\"aligncenter size-full\"><img loading=\"lazy\" decoding=\"async\" width=\"929\" height=\"798\" src=\"https:\/\/www.hgsempai.fr\/atelier\/wp-content\/uploads\/2023\/07\/budget_famille_moy.png\" alt=\"\" class=\"wp-image-4300\" srcset=\"https:\/\/www.hgsempai.fr\/atelier\/wp-content\/uploads\/2023\/07\/budget_famille_moy.png 929w, https:\/\/www.hgsempai.fr\/atelier\/wp-content\/uploads\/2023\/07\/budget_famille_moy-300x258.png 300w, https:\/\/www.hgsempai.fr\/atelier\/wp-content\/uploads\/2023\/07\/budget_famille_moy-768x660.png 768w\" sizes=\"auto, (max-width: 929px) 100vw, 929px\" \/><\/figure>\n<\/div>\n\n\n<h4 class=\"wp-block-heading\">La version NB pour impression<\/h4>\n\n\n\n<figure class=\"wp-block-image size-full\"><img loading=\"lazy\" decoding=\"async\" width=\"929\" height=\"798\" src=\"https:\/\/www.hgsempai.fr\/atelier\/wp-content\/uploads\/2023\/07\/budget_famille_moy_nb.png\" alt=\"\" class=\"wp-image-4301\" srcset=\"https:\/\/www.hgsempai.fr\/atelier\/wp-content\/uploads\/2023\/07\/budget_famille_moy_nb.png 929w, https:\/\/www.hgsempai.fr\/atelier\/wp-content\/uploads\/2023\/07\/budget_famille_moy_nb-300x258.png 300w, https:\/\/www.hgsempai.fr\/atelier\/wp-content\/uploads\/2023\/07\/budget_famille_moy_nb-768x660.png 768w\" sizes=\"auto, (max-width: 929px) 100vw, 929px\" \/><\/figure>\n\n\n\n<hr class=\"wp-block-separator has-css-opacity\"\/>\n\n\n\n<h2 class=\"wp-block-heading\">Doc 4 \u2013 Les employ\u00e9s vus par Henry Monnier<\/h2>\n\n\n<div class=\"wp-block-image\">\n<figure class=\"aligncenter\"><img decoding=\"async\" src=\"http:\/\/www.hgsempai.fr\/s112\/wp-content\/uploads\/2020\/04\/monnier-1021x1024.jpeg\" alt=\"\" class=\"wp-image-3881\"\/><figcaption class=\"wp-element-caption\">Caricature d\u2019Henry Monnier \u00e0 retrouver sur <a href=\"https:\/\/gallica.bnf.fr\/ark:\/12148\/btv1b10534668p\/f1.highres\">Gallica<\/a><\/figcaption><\/figure>\n<\/div>\n\n\n<p><\/p>\n","protected":false},"excerpt":{"rendered":"<p>Ensemble documentaire pour \u00e9tudier les conditions de vie et de travail des classes moyennes au XIXe si\u00e8cle.<\/p>\n","protected":false},"author":1,"featured_media":4300,"comment_status":"open","ping_status":"open","sticky":false,"template":"","format":"standard","meta":{"footnotes":""},"categories":[165],"tags":[344,824,826],"class_list":["post-3701","post","type-post","status-publish","format-standard","has-post-thumbnail","hentry","category-histoire","tag-4h2l1","tag-classes","tag-moyennes"],"_links":{"self":[{"href":"https:\/\/www.hgsempai.fr\/atelier\/index.php?rest_route=\/wp\/v2\/posts\/3701","targetHints":{"allow":["GET"]}}],"collection":[{"href":"https:\/\/www.hgsempai.fr\/atelier\/index.php?rest_route=\/wp\/v2\/posts"}],"about":[{"href":"https:\/\/www.hgsempai.fr\/atelier\/index.php?rest_route=\/wp\/v2\/types\/post"}],"author":[{"embeddable":true,"href":"https:\/\/www.hgsempai.fr\/atelier\/index.php?rest_route=\/wp\/v2\/users\/1"}],"replies":[{"embeddable":true,"href":"https:\/\/www.hgsempai.fr\/atelier\/index.php?rest_route=%2Fwp%2Fv2%2Fcomments&post=3701"}],"version-history":[{"count":2,"href":"https:\/\/www.hgsempai.fr\/atelier\/index.php?rest_route=\/wp\/v2\/posts\/3701\/revisions"}],"predecessor-version":[{"id":4302,"href":"https:\/\/www.hgsempai.fr\/atelier\/index.php?rest_route=\/wp\/v2\/posts\/3701\/revisions\/4302"}],"wp:featuredmedia":[{"embeddable":true,"href":"https:\/\/www.hgsempai.fr\/atelier\/index.php?rest_route=\/wp\/v2\/media\/4300"}],"wp:attachment":[{"href":"https:\/\/www.hgsempai.fr\/atelier\/index.php?rest_route=%2Fwp%2Fv2%2Fmedia&parent=3701"}],"wp:term":[{"taxonomy":"category","embeddable":true,"href":"https:\/\/www.hgsempai.fr\/atelier\/index.php?rest_route=%2Fwp%2Fv2%2Fcategories&post=3701"},{"taxonomy":"post_tag","embeddable":true,"href":"https:\/\/www.hgsempai.fr\/atelier\/index.php?rest_route=%2Fwp%2Fv2%2Ftags&post=3701"}],"curies":[{"name":"wp","href":"https:\/\/api.w.org\/{rel}","templated":true}]}}