{"id":3521,"date":"2021-12-31T12:45:34","date_gmt":"2021-12-31T12:45:34","guid":{"rendered":"http:\/\/www.hgsempai.fr\/atelier\/?p=3521"},"modified":"2025-09-28T08:00:16","modified_gmt":"2025-09-28T08:00:16","slug":"la-naissance-des-villages-au-moyen-age","status":"publish","type":"post","link":"https:\/\/www.hgsempai.fr\/atelier\/?p=3521","title":{"rendered":"La naissance des villages au Moyen-Age"},"content":{"rendered":"\n<h2 class=\"wp-block-heading\">Doc. 1- \u00c9volution<strong> des populations fran\u00e7aises et europ\u00e9ennes au Moyen \u00c2ge<\/strong><\/h2>\n\n\n\n<figure class=\"wp-block-image size-large\"><img loading=\"lazy\" decoding=\"async\" width=\"1024\" height=\"672\" src=\"https:\/\/www.hgsempai.fr\/atelier\/wp-content\/uploads\/2024\/01\/evol_pop_ma-1024x672.png\" alt=\"\" class=\"wp-image-4673\" srcset=\"https:\/\/www.hgsempai.fr\/atelier\/wp-content\/uploads\/2024\/01\/evol_pop_ma-1024x672.png 1024w, https:\/\/www.hgsempai.fr\/atelier\/wp-content\/uploads\/2024\/01\/evol_pop_ma-300x197.png 300w, https:\/\/www.hgsempai.fr\/atelier\/wp-content\/uploads\/2024\/01\/evol_pop_ma-768x504.png 768w, https:\/\/www.hgsempai.fr\/atelier\/wp-content\/uploads\/2024\/01\/evol_pop_ma.png 1037w\" sizes=\"auto, (max-width: 1024px) 100vw, 1024px\" \/><\/figure>\n\n\n\n<ol class=\"wp-block-list\">\n<li>Comment \u00e9voluent les populations fran\u00e7aise et europ\u00e9ennes entre 800 et 1300?<\/li>\n\n\n\n<li>Quelle(s) hypoth\u00e8se(s) peut-on formuler pour expliquer cette \u00e9volution?<\/li>\n<\/ol>\n\n\n\n<hr class=\"wp-block-separator has-css-opacity\"\/>\n\n\n\n<h2 class=\"wp-block-heading\"><strong>Doc. 2- Les d\u00e9frichements au Moyen \u00c2ge<\/strong><\/h2>\n\n\n\n<blockquote class=\"wp-block-quote is-layout-flow wp-block-quote-is-layout-flow\">\n<p><strong>D\u00e9frichement<\/strong>: destruction d\u2019espaces bois\u00e9s pour mettre en culture des terres.<\/p>\n<\/blockquote>\n\n\n<div class=\"wp-block-image\">\n<figure class=\"aligncenter size-full\"><img loading=\"lazy\" decoding=\"async\" width=\"1170\" height=\"1668\" src=\"https:\/\/www.hgsempai.fr\/atelier\/wp-content\/uploads\/2024\/01\/evol_foret.png\" alt=\"\" class=\"wp-image-4671\" srcset=\"https:\/\/www.hgsempai.fr\/atelier\/wp-content\/uploads\/2024\/01\/evol_foret.png 1170w, https:\/\/www.hgsempai.fr\/atelier\/wp-content\/uploads\/2024\/01\/evol_foret-210x300.png 210w, https:\/\/www.hgsempai.fr\/atelier\/wp-content\/uploads\/2024\/01\/evol_foret-718x1024.png 718w, https:\/\/www.hgsempai.fr\/atelier\/wp-content\/uploads\/2024\/01\/evol_foret-768x1095.png 768w, https:\/\/www.hgsempai.fr\/atelier\/wp-content\/uploads\/2024\/01\/evol_foret-1077x1536.png 1077w\" sizes=\"auto, (max-width: 1170px) 100vw, 1170px\" \/><\/figure>\n<\/div>\n\n\n<p>Cliquez sur le lien suivant pour acc\u00e9der \u00e0 une animation vous permettant de passer d&rsquo;une carte \u00e0 l&rsquo;autre en glissant la souris<\/p>\n\n\n\n<p><a href=\"http:\/\/hgsempai.fr\/carto_slide\/evol_foret\/evol_foret.html\" target=\"_blank\" rel=\"noreferrer noopener\">Acc\u00e9der au slide&nbsp;<\/a><\/p>\n\n\n<div class=\"wp-block-image\">\n<figure class=\"aligncenter size-large\"><img loading=\"lazy\" decoding=\"async\" width=\"686\" height=\"1024\" src=\"https:\/\/www.hgsempai.fr\/atelier\/wp-content\/uploads\/2021\/12\/defrich_vouillon-1-686x1024.png\" alt=\"\" class=\"wp-image-3527\" srcset=\"https:\/\/www.hgsempai.fr\/atelier\/wp-content\/uploads\/2021\/12\/defrich_vouillon-1-686x1024.png 686w, https:\/\/www.hgsempai.fr\/atelier\/wp-content\/uploads\/2021\/12\/defrich_vouillon-1-201x300.png 201w, https:\/\/www.hgsempai.fr\/atelier\/wp-content\/uploads\/2021\/12\/defrich_vouillon-1-768x1147.png 768w, https:\/\/www.hgsempai.fr\/atelier\/wp-content\/uploads\/2021\/12\/defrich_vouillon-1-1028x1536.png 1028w, https:\/\/www.hgsempai.fr\/atelier\/wp-content\/uploads\/2021\/12\/defrich_vouillon-1.png 1126w\" sizes=\"auto, (max-width: 686px) 100vw, 686px\" \/><\/figure>\n<\/div>\n\n\n<ol class=\"wp-block-list\">\n<li>Qu&rsquo;est-ce qu&rsquo;un d\u00e9frichement?<\/li>\n\n\n\n<li>Comment \u00e9voluent les d\u00e9frichements en Europe du nord Ouest entre l&rsquo;an Mil et 1300?<\/li>\n\n\n\n<li>Quel(s) lien(s) peut-on faire entre augmentation de la population et d\u00e9frichement?<\/li>\n<\/ol>\n\n\n\n<hr class=\"wp-block-separator has-css-opacity\"\/>\n\n\n\n<h2 class=\"wp-block-heading\">Doc. 3- Les diff\u00e9rents noyaux de Saint-Amand-Montrond<\/h2>\n\n\n<div class=\"wp-block-image\">\n<figure class=\"aligncenter size-full\"><img loading=\"lazy\" decoding=\"async\" width=\"1093\" height=\"1082\" src=\"https:\/\/www.hgsempai.fr\/atelier\/wp-content\/uploads\/2024\/01\/saint_amand_ma.png\" alt=\"\" class=\"wp-image-4680\" srcset=\"https:\/\/www.hgsempai.fr\/atelier\/wp-content\/uploads\/2024\/01\/saint_amand_ma.png 1093w, https:\/\/www.hgsempai.fr\/atelier\/wp-content\/uploads\/2024\/01\/saint_amand_ma-300x297.png 300w, https:\/\/www.hgsempai.fr\/atelier\/wp-content\/uploads\/2024\/01\/saint_amand_ma-1024x1014.png 1024w, https:\/\/www.hgsempai.fr\/atelier\/wp-content\/uploads\/2024\/01\/saint_amand_ma-768x760.png 768w, https:\/\/www.hgsempai.fr\/atelier\/wp-content\/uploads\/2024\/01\/saint_amand_ma-80x80.png 80w\" sizes=\"auto, (max-width: 1093px) 100vw, 1093px\" \/><\/figure>\n<\/div>\n\n\n<ol class=\"wp-block-list\">\n<li>Que trouve-t-on \u00e0 l&rsquo;origine de la ville de Saint-Amand-Montrond?<\/li>\n\n\n\n<li>De quand date ce noyau originel?<\/li>\n\n\n\n<li>Comment a \u00e9volu\u00e9 la ville de Saint-Amand-Montrond entre le XIIe et le XVe si\u00e8cle?<\/li>\n<\/ol>\n\n\n\n<p><\/p>\n\n\n\n<hr class=\"wp-block-separator has-css-opacity\"\/>\n","protected":false},"excerpt":{"rendered":"<p>Doc. 1- \u00c9volution des populations fran\u00e7aises et europ\u00e9ennes au Moyen \u00c2ge Doc. 2- Les d\u00e9frichements au Moyen \u00c2ge D\u00e9frichement: destruction d\u2019espaces bois\u00e9s pour mettre en culture des terres. Cliquez sur le lien&#46;&#46;&#46;<\/p>\n","protected":false},"author":1,"featured_media":3527,"comment_status":"open","ping_status":"open","sticky":false,"template":"","format":"standard","meta":{"footnotes":""},"categories":[165],"tags":[332,795,796],"class_list":["post-3521","post","type-post","status-publish","format-standard","has-post-thumbnail","hentry","category-histoire","tag-5h2l1","tag-defrichements","tag-saint-amand-montrond"],"_links":{"self":[{"href":"https:\/\/www.hgsempai.fr\/atelier\/index.php?rest_route=\/wp\/v2\/posts\/3521","targetHints":{"allow":["GET"]}}],"collection":[{"href":"https:\/\/www.hgsempai.fr\/atelier\/index.php?rest_route=\/wp\/v2\/posts"}],"about":[{"href":"https:\/\/www.hgsempai.fr\/atelier\/index.php?rest_route=\/wp\/v2\/types\/post"}],"author":[{"embeddable":true,"href":"https:\/\/www.hgsempai.fr\/atelier\/index.php?rest_route=\/wp\/v2\/users\/1"}],"replies":[{"embeddable":true,"href":"https:\/\/www.hgsempai.fr\/atelier\/index.php?rest_route=%2Fwp%2Fv2%2Fcomments&post=3521"}],"version-history":[{"count":11,"href":"https:\/\/www.hgsempai.fr\/atelier\/index.php?rest_route=\/wp\/v2\/posts\/3521\/revisions"}],"predecessor-version":[{"id":4681,"href":"https:\/\/www.hgsempai.fr\/atelier\/index.php?rest_route=\/wp\/v2\/posts\/3521\/revisions\/4681"}],"wp:featuredmedia":[{"embeddable":true,"href":"https:\/\/www.hgsempai.fr\/atelier\/index.php?rest_route=\/wp\/v2\/media\/3527"}],"wp:attachment":[{"href":"https:\/\/www.hgsempai.fr\/atelier\/index.php?rest_route=%2Fwp%2Fv2%2Fmedia&parent=3521"}],"wp:term":[{"taxonomy":"category","embeddable":true,"href":"https:\/\/www.hgsempai.fr\/atelier\/index.php?rest_route=%2Fwp%2Fv2%2Fcategories&post=3521"},{"taxonomy":"post_tag","embeddable":true,"href":"https:\/\/www.hgsempai.fr\/atelier\/index.php?rest_route=%2Fwp%2Fv2%2Ftags&post=3521"}],"curies":[{"name":"wp","href":"https:\/\/api.w.org\/{rel}","templated":true}]}}