{"id":3496,"date":"2021-12-29T19:46:52","date_gmt":"2021-12-29T19:46:52","guid":{"rendered":"http:\/\/www.hgsempai.fr\/atelier\/?p=3496"},"modified":"2021-12-29T19:46:53","modified_gmt":"2021-12-29T19:46:53","slug":"la-fin-de-la-monarchie","status":"publish","type":"post","link":"https:\/\/www.hgsempai.fr\/atelier\/?p=3496","title":{"rendered":"La fin de la monarchie"},"content":{"rendered":"\n<h2 class=\"wp-block-heading\">Doc. 1- La chute de la monarchie<\/h2>\n\n\n\n<figure class=\"wp-block-embed is-type-video is-provider-youtube wp-block-embed-youtube wp-embed-aspect-4-3 wp-has-aspect-ratio\"><div class=\"wp-block-embed__wrapper\">\n<div class=\"video-container\"><iframe loading=\"lazy\" title=\"4\u00b0 - FC - 1790-1792\" width=\"500\" height=\"375\" src=\"https:\/\/www.youtube.com\/embed\/GkRTfFe8svQ?feature=oembed&#038;wmode=opaque\" frameborder=\"0\" allow=\"accelerometer; autoplay; clipboard-write; encrypted-media; gyroscope; picture-in-picture; web-share\" referrerpolicy=\"strict-origin-when-cross-origin\" allowfullscreen><\/iframe><\/div>\n<\/div><figcaption>Source:\u00a0<a href=\"https:\/\/www.youtube.com\/user\/IClasse130\">IClasse130<\/a><\/figcaption><\/figure>\n\n\n\n<hr class=\"wp-block-separator\"\/>\n\n\n\n<h2 class=\"wp-block-heading\">Doc. 2- Le Manifeste de Brunswick<\/h2>\n\n\n\n<p><strong>Manifeste de Brunswick (extraits)<\/strong><\/p>\n\n\n\n<p>\u00ab&nbsp;\u00c0 ces grands int\u00e9r\u00eats se joint [..] un but \u00e9galement important, et qui tient \u00e0 c\u0153ur aux deux souverains, c&rsquo;est de faire cesser l&rsquo;anarchie dans l&rsquo;int\u00e9rieur de la France, d&rsquo;arr\u00eater les attaques port\u00e9es au tr\u00f4ne et \u00e0 l&rsquo;autel, de r\u00e9tablir le pouvoir l\u00e9gal, de rendre au roi la s\u00fbret\u00e9 et la libert\u00e9 dont il est priv\u00e9, et de le mettre en \u00e9tat d&rsquo;exercer l&rsquo;autorit\u00e9 l\u00e9gitime qui lui est due.<\/p>\n\n\n\n<p>[\u2026] La ville de Paris et tous ses habitants sans distinction seront tenus de se soumettre sur-le-champ et sans d\u00e9lai au roi, de mettre ce prince en pleine et enti\u00e8re libert\u00e9, et de lui assurer, ainsi qu&rsquo;\u00e0 toutes les personnes royales, l&rsquo;inviolabilit\u00e9 et le respect auxquels le droit de la nature et des gens oblige les sujets envers les souverains [\u2026] Si le ch\u00e2teau des Tuileries est forc\u00e9 ou insult\u00e9, que s&rsquo;il est fait la moindre violence, le moindre outrage \u00e0 leurs Majest\u00e9s, le roi, la reine et la famille royale, s&rsquo;il n&rsquo;est pas pourvu imm\u00e9diatement \u00e0 leur s\u00fbret\u00e9, \u00e0 leur conservation et \u00e0 leur libert\u00e9, elles en tireront une vengeance exemplaire et \u00e0 jamais m\u00e9morable, en livrant la ville de Paris \u00e0 une ex\u00e9cution militaire et \u00e0 une subversion totale, et les r\u00e9volt\u00e9s coupables d&rsquo;attentats aux supplices qu&rsquo;ils auront m\u00e9rit\u00e9s. [&#8230;]&nbsp;\u00bb<\/p>\n\n\n\n<p>Donn\u00e9 au quartier-g\u00e9n\u00e9ral de Coblentz, le 25 juillet 1792.<\/p>\n\n\n\n<p class=\"has-text-align-right\">Sign\u00e9, Charles-Guillaume-Ferdinand, duc de Brunswick-Lunebourg.<\/p>\n\n\n\n<hr class=\"wp-block-separator\"\/>\n\n\n\n<h2 class=\"wp-block-heading\">Doc. 3- La prise des Tuileries<\/h2>\n\n\n\n<p><strong>La prise des Tuileries<\/strong><\/p>\n\n\n\n<p>Le vendredi matin, on observait un grand nombre de gardes nationaux qui semblaient dispos\u00e9s \u00e0 d\u00e9fendre le roi. Mais, bien au contraire, vers dix heures moins le quart, le peuple m\u00eal\u00e9 \u00e0 d\u2019autres d\u00e9tachements de garde nationale et aux f\u00e9d\u00e9r\u00e9s se pr\u00e9parait \u00e0 entrer en force dans le palais. Alors toutes les portes furent ouvertes, les canonniers tourn\u00e8rent leurs pi\u00e8ces contre le palais, et la garde nationale qui semblait se tenir l\u00e0 pour en d\u00e9fendre l\u2019acc\u00e8s prit subitement le parti du peuple. Les gardes suisses furent tous massacr\u00e9s et d\u00e9pouill\u00e9s.<\/p>\n\n\n\n<p class=\"has-text-align-right\">Correspondance de l\u2019ambassadeur de G\u00eanes, 1792.<\/p>\n\n\n\n<figure class=\"wp-block-image size-large\"><img decoding=\"async\" src=\"https:\/\/upload.wikimedia.org\/wikipedia\/commons\/5\/56\/Jacques_Bertaux_-_Prise_du_palais_des_Tuileries_-_1793.jpg\" alt=\"\"\/><figcaption> <a href=\"http:\/\/commons.wikimedia.org\/wiki\/File:Jacques_Bertaux_-_Prise_du_palais_des_Tuileries_-_1793.jpg#mediaviewer\/File:Jacques_Bertaux_-_Prise_du_palais_des_Tuileries_-_1793.jpg\"><\/a><br>\u00ab\u202f<a href=\"http:\/\/commons.wikimedia.org\/wiki\/File:Jacques_Bertaux_-_Prise_du_palais_des_Tuileries_-_1793.jpg#mediaviewer\/File:Jacques_Bertaux_-_Prise_du_palais_des_Tuileries_-_1793.jpg\">Jacques Bertaux \u2013 Prise du palais des Tuileries \u2013 1793<\/a>\u202f\u00bb par <a href=\"http:\/\/fr.wikipedia.org\/wiki\/Jean_Duplessis-Bertaux\">Jean Duplessis-Bertaux<\/a> \u2014 L\u2019Histoire par l\u2019image <a href=\"http:\/\/www.histoire-image.org\/site\/oeuvre\/analyse.php?liste_analyse=203\">[1]<\/a>, digital version produced by Agence photographique de la R\u00e9union des mus\u00e9es nationaux <a href=\"http:\/\/www.photo.rmn.fr\/cf\/htm\/Home.aspx\">[2]<\/a>. Sous licence Domaine public via <a href=\"http:\/\/commons.wikimedia.org\/wiki\/\">Wikimedia Commons<\/a>. <\/figcaption><\/figure>\n\n\n\n<hr class=\"wp-block-separator\"\/>\n\n\n\n<h2 class=\"wp-block-heading\"><a href=\"https:\/\/www.hgsempai.fr\/atelier\/wp-content\/uploads\/2014\/12\/raconter.png\" target=\"_blank\" rel=\"noreferrer noopener\">Raconter<\/a> la \u00ab&nbsp;fin&nbsp;\u00bb de la Monarchie en 1792<\/h2>\n","protected":false},"excerpt":{"rendered":"<p>Doc. 1- La chute de la monarchie Doc. 2- Le Manifeste de Brunswick Manifeste de Brunswick (extraits) \u00ab&nbsp;\u00c0 ces grands int\u00e9r\u00eats se joint [..] un but \u00e9galement important, et qui tient \u00e0&#46;&#46;&#46;<\/p>\n","protected":false},"author":1,"featured_media":3498,"comment_status":"open","ping_status":"open","sticky":false,"template":"","format":"standard","meta":{"footnotes":""},"categories":[165],"tags":[303,337,786,545],"class_list":["post-3496","post","type-post","status-publish","format-standard","has-post-thumbnail","hentry","category-histoire","tag-303","tag-4h1l3","tag-fin","tag-monarchie"],"_links":{"self":[{"href":"https:\/\/www.hgsempai.fr\/atelier\/index.php?rest_route=\/wp\/v2\/posts\/3496","targetHints":{"allow":["GET"]}}],"collection":[{"href":"https:\/\/www.hgsempai.fr\/atelier\/index.php?rest_route=\/wp\/v2\/posts"}],"about":[{"href":"https:\/\/www.hgsempai.fr\/atelier\/index.php?rest_route=\/wp\/v2\/types\/post"}],"author":[{"embeddable":true,"href":"https:\/\/www.hgsempai.fr\/atelier\/index.php?rest_route=\/wp\/v2\/users\/1"}],"replies":[{"embeddable":true,"href":"https:\/\/www.hgsempai.fr\/atelier\/index.php?rest_route=%2Fwp%2Fv2%2Fcomments&post=3496"}],"version-history":[{"count":1,"href":"https:\/\/www.hgsempai.fr\/atelier\/index.php?rest_route=\/wp\/v2\/posts\/3496\/revisions"}],"predecessor-version":[{"id":3497,"href":"https:\/\/www.hgsempai.fr\/atelier\/index.php?rest_route=\/wp\/v2\/posts\/3496\/revisions\/3497"}],"wp:featuredmedia":[{"embeddable":true,"href":"https:\/\/www.hgsempai.fr\/atelier\/index.php?rest_route=\/wp\/v2\/media\/3498"}],"wp:attachment":[{"href":"https:\/\/www.hgsempai.fr\/atelier\/index.php?rest_route=%2Fwp%2Fv2%2Fmedia&parent=3496"}],"wp:term":[{"taxonomy":"category","embeddable":true,"href":"https:\/\/www.hgsempai.fr\/atelier\/index.php?rest_route=%2Fwp%2Fv2%2Fcategories&post=3496"},{"taxonomy":"post_tag","embeddable":true,"href":"https:\/\/www.hgsempai.fr\/atelier\/index.php?rest_route=%2Fwp%2Fv2%2Ftags&post=3496"}],"curies":[{"name":"wp","href":"https:\/\/api.w.org\/{rel}","templated":true}]}}