{"id":3412,"date":"2021-11-25T08:29:02","date_gmt":"2021-11-25T08:29:02","guid":{"rendered":"http:\/\/www.hgsempai.fr\/atelier\/?p=3412"},"modified":"2021-11-25T08:29:02","modified_gmt":"2021-11-25T08:29:02","slug":"leurope-des-lumieres-se-creer-des-reperes","status":"publish","type":"post","link":"https:\/\/www.hgsempai.fr\/atelier\/?p=3412","title":{"rendered":"L&rsquo;Europe des Lumi\u00e8res &#8211; Se cr\u00e9er des rep\u00e8res"},"content":{"rendered":"\n<p>Vous devez poser 10 questions (et bien s\u00fbr proposer 10 r\u00e9ponses !) \u00e0 partir des documents suivants. Une seule r\u00e8gle, il faut au moins trois questions par bloc (c\u2019est-\u00e0-dire au moins 3 questions sur le BLOC 1, au moins 3 questions sur le BLOC 2, au moins 3 questions sur le BLOC 3).<\/p>\n\n\n\n<hr class=\"wp-block-separator\"\/>\n\n\n\n<h2 class=\"wp-block-heading\">BLOC 1- LA P\u00c9RIODE<\/h2>\n\n\n\n<figure class=\"wp-block-image size-full\"><img loading=\"lazy\" decoding=\"async\" width=\"940\" height=\"485\" src=\"https:\/\/www.hgsempai.fr\/atelier\/wp-content\/uploads\/2021\/11\/frise_lumieres.png\" alt=\"\" class=\"wp-image-3413\" srcset=\"https:\/\/www.hgsempai.fr\/atelier\/wp-content\/uploads\/2021\/11\/frise_lumieres.png 940w, https:\/\/www.hgsempai.fr\/atelier\/wp-content\/uploads\/2021\/11\/frise_lumieres-300x155.png 300w, https:\/\/www.hgsempai.fr\/atelier\/wp-content\/uploads\/2021\/11\/frise_lumieres-768x396.png 768w\" sizes=\"auto, (max-width: 940px) 100vw, 940px\" \/><\/figure>\n\n\n\n<hr class=\"wp-block-separator\"\/>\n\n\n\n<h2 class=\"wp-block-heading\">BLOC 2- LES ACTEURS<\/h2>\n\n\n\n<div class=\"wp-block-columns is-layout-flex wp-container-core-columns-is-layout-9d6595d7 wp-block-columns-is-layout-flex\">\n<div class=\"wp-block-column is-layout-flow wp-block-column-is-layout-flow\" style=\"flex-basis:33.33%\">\n<figure class=\"wp-block-image size-large\"><img decoding=\"async\" src=\"https:\/\/upload.wikimedia.org\/wikipedia\/commons\/c\/c2\/D%27apr%C3%A8s_Maurice_Quentin_de_La_Tour%2C_Portrait_de_Voltaire%2C_d%C3%A9tail_du_visage_%28ch%C3%A2teau_de_Ferney%29.jpg\" alt=\"\"\/><\/figure>\n<\/div>\n\n\n\n<div class=\"wp-block-column is-layout-flow wp-block-column-is-layout-flow\" style=\"flex-basis:66.66%\">\n<h4 class=\"wp-block-heading\">Voltaire ( 1694 \u2013 1778)<\/h4>\n\n\n\n<p>Voltaire (de son vrai nom : Fran\u00e7ois Marie Arouet) est un philosophe, un \u00e9crivain et un auteur dramatique fran\u00e7ais du si\u00e8cle des Lumi\u00e8res. Il diffuse ses id\u00e9es philosophiques \u00e0 travers des po\u00e8mes, des contes (<em>Candide<\/em>, <em>Microm\u00e9gas<\/em>, <em>L\u2019Ing\u00e9nu<\/em>, <em>Zadig<\/em>), des essais historiques (<em>Le Si\u00e8cle de Louis XIV<\/em>), des pi\u00e8ces de th\u00e9\u00e2tre ou encore son Dictionnaire philosophique. Voltaire appara\u00eet comme le d\u00e9fenseur de la tol\u00e9rance religieuse et l\u2019ennemi du fanatisme.<\/p>\n<\/div>\n<\/div>\n\n\n\n<div class=\"wp-block-columns is-layout-flex wp-container-core-columns-is-layout-9d6595d7 wp-block-columns-is-layout-flex\">\n<div class=\"wp-block-column is-layout-flow wp-block-column-is-layout-flow\" style=\"flex-basis:66.66%\">\n<h4 class=\"wp-block-heading\">Jean-Jacques Rousseau (1712 \u2013 1778)<\/h4>\n\n\n\n<p>Rousseau est un \u00e9crivain et un philosophe francophone. Par ses id\u00e9es politiques (r\u00e9publicaines) et sociales (il faut combattre l\u2019in\u00e9galit\u00e9 sociale), Rousseau a eu une influence consid\u00e9rable sur les hommes politiques qui vont faire la R\u00e9volution fran\u00e7aise. Il propose \u00e9galement des id\u00e9es nouvelles pour l\u2019\u00e9ducation des enfants.<\/p>\n<\/div>\n\n\n\n<div class=\"wp-block-column is-layout-flow wp-block-column-is-layout-flow\" style=\"flex-basis:33.33%\">\n<figure class=\"wp-block-image size-large\"><img decoding=\"async\" src=\"https:\/\/download.vikidia.org\/vikidia\/fr\/images\/b\/b7\/Jean-Jacques_Rousseau_%28painted_portrait%29.jpg\" alt=\"\"\/><\/figure>\n<\/div>\n<\/div>\n\n\n\n<div class=\"wp-block-columns is-layout-flex wp-container-core-columns-is-layout-9d6595d7 wp-block-columns-is-layout-flex\">\n<div class=\"wp-block-column is-layout-flow wp-block-column-is-layout-flow\" style=\"flex-basis:33.33%\">\n<figure class=\"wp-block-image size-large\"><img decoding=\"async\" src=\"https:\/\/upload.wikimedia.org\/wikipedia\/commons\/thumb\/f\/fc\/Montesquieu_1.png\/390px-Montesquieu_1.png\" alt=\"\"\/><\/figure>\n<\/div>\n\n\n\n<div class=\"wp-block-column is-layout-flow wp-block-column-is-layout-flow\" style=\"flex-basis:66.66%\">\n<h4 class=\"wp-block-heading\">Montesquieu (1689 \u2013 1755)<\/h4>\n\n\n\n<p>Montesquieu (de son nom complet Charles-Louis de Secondat, baron de La Br\u00e8de et de Montesquieu) est un philosophe et un grand \u00e9crivain fran\u00e7ais du Si\u00e8cle des Lumi\u00e8res. Il est connu en Europe et dans le monde entier pour ses id\u00e9es sur la s\u00e9paration des trois pouvoirs (l\u00e9gislatif, ex\u00e9cutif et judiciaire). Ses \u00e9crits ont d\u2019ailleurs inspir\u00e9 deux textes majeurs : la Constitution des \u00c9tats-Unis (1787) ainsi que la Constitution fran\u00e7aise (1791).<\/p>\n<\/div>\n<\/div>\n\n\n\n<div class=\"wp-block-columns is-layout-flex wp-container-core-columns-is-layout-9d6595d7 wp-block-columns-is-layout-flex\">\n<div class=\"wp-block-column is-layout-flow wp-block-column-is-layout-flow\" style=\"flex-basis:66.66%\">\n<h4 class=\"wp-block-heading\">Denis Diderot (1713 \u2013 1784)<\/h4>\n\n\n\n<p>Denis Diderot est un \u00e9crivain et philosophe. Denis Diderot est directeur de L\u2019Encyclop\u00e9die qui est un ouvrage monumental. La publication de l\u2019Encyclop\u00e9die qui d\u00e9crit les Arts, les Sciences et les M\u00e9tiers de son \u00e9poque, dont elle \u00e9tablit un bilan d\u00e9taill\u00e9 et compl\u00e8tement in\u00e9dit. Diderot se battait contre les pr\u00e9jug\u00e9s politiques et religieux, pour la tol\u00e9rance et le respect des cultures. Son travail est rest\u00e9 le symbole du combat philosophique en faveur du savoir et de la libert\u00e9 de penser.<\/p>\n<\/div>\n\n\n\n<div class=\"wp-block-column is-layout-flow wp-block-column-is-layout-flow\" style=\"flex-basis:33.33%\">\n<figure class=\"wp-block-image size-large\"><img decoding=\"async\" src=\"https:\/\/download.vikidia.org\/vikidia\/fr\/images\/thumb\/2\/2e\/Denis_Diderot_-_Alix_-_Vanloo.png\/300px-Denis_Diderot_-_Alix_-_Vanloo.png\" alt=\"\"\/><\/figure>\n<\/div>\n<\/div>\n\n\n\n<hr class=\"wp-block-separator\"\/>\n\n\n\n<h2 class=\"wp-block-heading\">BLOC 3- LE VOCABULAIRE<\/h2>\n\n\n\n<ul class=\"wp-block-list\"><li><strong>Un Salon<\/strong>: un lieu de r\u00e9union chez un particulier o\u00f9 se retrouve r\u00e9guli\u00e8rement l\u2019\u00e9lite cultiv\u00e9e pour \u00e9changer des id\u00e9es et se distraire.<\/li><li><strong>Une acad\u00e9mie<\/strong>: une soci\u00e9t\u00e9 de gens de lettres, savants et artistes<\/li><li><strong>Monarchie absolue<\/strong> : r\u00e9gime politique dans lequel le roi dispose de tout le pouvoir (l\u00e9gislatif, ex\u00e9cutif et judiciaire)<\/li><li><strong>Lumi\u00e8res<\/strong> : mouvement intellectuel europ\u00e9en du XVlll<sup>e<\/sup> si\u00e8cle qui encourage la raison, les connaissances scientifiques et la recherche du bonheur individuel; il combat l\u2019intol\u00e9rance religieuse et les pr\u00e9jug\u00e9s.<\/li><li><strong>Philosophe<\/strong>&nbsp;: \u00c9crivain du XVlll<sup>e<\/sup> si\u00e8cle qui exerce une pens\u00e9e critique dans tous les domaines, y compris religieux<\/li><li><strong>Despote \u00e9clair\u00e9<\/strong>&nbsp;: souverain qui s\u2019inspire des id\u00e9es des Lumi\u00e8res pour transformer son pays et la soci\u00e9t\u00e9.<\/li><li><strong>Censure<\/strong> : interdiction d\u2019une publication par le pouvoir royal.<\/li><\/ul>\n","protected":false},"excerpt":{"rendered":"<p>Vous devez poser 10 questions (et bien s\u00fbr proposer 10 r\u00e9ponses !) \u00e0 partir des documents suivants. Une seule r\u00e8gle, il faut au moins trois questions par bloc (c\u2019est-\u00e0-dire au moins 3&#46;&#46;&#46;<\/p>\n","protected":false},"author":1,"featured_media":3413,"comment_status":"open","ping_status":"open","sticky":false,"template":"","format":"standard","meta":{"footnotes":""},"categories":[165],"tags":[336,185,651,241],"class_list":["post-3412","post","type-post","status-publish","format-standard","has-post-thumbnail","hentry","category-histoire","tag-4h1l2","tag-lumieres","tag-philosophe","tag-reperes"],"_links":{"self":[{"href":"https:\/\/www.hgsempai.fr\/atelier\/index.php?rest_route=\/wp\/v2\/posts\/3412","targetHints":{"allow":["GET"]}}],"collection":[{"href":"https:\/\/www.hgsempai.fr\/atelier\/index.php?rest_route=\/wp\/v2\/posts"}],"about":[{"href":"https:\/\/www.hgsempai.fr\/atelier\/index.php?rest_route=\/wp\/v2\/types\/post"}],"author":[{"embeddable":true,"href":"https:\/\/www.hgsempai.fr\/atelier\/index.php?rest_route=\/wp\/v2\/users\/1"}],"replies":[{"embeddable":true,"href":"https:\/\/www.hgsempai.fr\/atelier\/index.php?rest_route=%2Fwp%2Fv2%2Fcomments&post=3412"}],"version-history":[{"count":1,"href":"https:\/\/www.hgsempai.fr\/atelier\/index.php?rest_route=\/wp\/v2\/posts\/3412\/revisions"}],"predecessor-version":[{"id":3414,"href":"https:\/\/www.hgsempai.fr\/atelier\/index.php?rest_route=\/wp\/v2\/posts\/3412\/revisions\/3414"}],"wp:featuredmedia":[{"embeddable":true,"href":"https:\/\/www.hgsempai.fr\/atelier\/index.php?rest_route=\/wp\/v2\/media\/3413"}],"wp:attachment":[{"href":"https:\/\/www.hgsempai.fr\/atelier\/index.php?rest_route=%2Fwp%2Fv2%2Fmedia&parent=3412"}],"wp:term":[{"taxonomy":"category","embeddable":true,"href":"https:\/\/www.hgsempai.fr\/atelier\/index.php?rest_route=%2Fwp%2Fv2%2Fcategories&post=3412"},{"taxonomy":"post_tag","embeddable":true,"href":"https:\/\/www.hgsempai.fr\/atelier\/index.php?rest_route=%2Fwp%2Fv2%2Ftags&post=3412"}],"curies":[{"name":"wp","href":"https:\/\/api.w.org\/{rel}","templated":true}]}}