{"id":3254,"date":"2021-09-07T18:00:00","date_gmt":"2021-09-07T18:00:00","guid":{"rendered":"http:\/\/www.hgsempai.fr\/atelier\/?p=3254"},"modified":"2021-09-08T15:16:47","modified_gmt":"2021-09-08T15:16:47","slug":"quand-la-turquie-construit-des-murs-pour-stopper-les-migrants","status":"publish","type":"post","link":"https:\/\/www.hgsempai.fr\/atelier\/?p=3254","title":{"rendered":"Quand la Turquie construit des murs pour \u00ab\u00a0stopper\u00a0\u00bb les migrants"},"content":{"rendered":"\n<h2 class=\"wp-block-heading\">Doc. 1- La Turquie se \u00ab\u00a0prot\u00e8ge\u00a0\u00bb des migrants<\/h2>\n\n\n\n<figure class=\"wp-block-embed is-type-video is-provider-youtube wp-block-embed-youtube wp-embed-aspect-16-9 wp-has-aspect-ratio\"><div class=\"wp-block-embed__wrapper\">\n<div class=\"video-container\"><iframe loading=\"lazy\" title=\"Dans l&#039;est de la Turquie, un nouveau mur pour stopper les migrants afghans\" width=\"500\" height=\"281\" src=\"https:\/\/www.youtube.com\/embed\/6r-lGjSBF50?feature=oembed&#038;wmode=opaque\" frameborder=\"0\" allow=\"accelerometer; autoplay; clipboard-write; encrypted-media; gyroscope; picture-in-picture; web-share\" referrerpolicy=\"strict-origin-when-cross-origin\" allowfullscreen><\/iframe><\/div>\n<\/div><\/figure>\n\n\n\n<hr class=\"wp-block-separator\"\/>\n\n\n\n<h2 class=\"wp-block-heading\">Doc. 2- Turquie. Renforcement aux fronti\u00e8res pour bloquer tout afflux de migrants afghans<\/h2>\n\n\n\n<p>La Turquie estime avoir atteint ses capacit\u00e9s d\u2019accueil de migrants tentant de fuir le retour au pouvoir des talibans en Afghanistan. Les autorit\u00e9s ont donc d\u00e9cid\u00e9 de fermer les fronti\u00e8res et demandent \u00e0 l\u2019Europe de prendre le relais.<\/p>\n\n\n\n<p>Les Afghans qui parviennent \u00e0 effectuer le p\u00e9riple, long de plusieurs semaines, pour rejoindre \u00e0 pied la Turquie via l\u2019Iran font d\u00e9sormais face \u00e0 un mur haut de trois m\u00e8tres et des fils barbel\u00e9s, alors que les autorit\u00e9s turques ont renforc\u00e9 les mesures destin\u00e9es \u00e0 \u00e9viter un afflux de migrants dans le pays.<\/p>\n\n\n\n<p>Ankara [capitale de la Turquie] a entrepris le renforcement de sa fronti\u00e8re alors que les insurg\u00e9s talibans accentuaient leur offensive \u00e0 travers l\u2019Afghanistan, o\u00f9 ils ont pris le contr\u00f4le dimanche dernier de la capitale Kaboul.<\/p>\n\n\n\n<p>La Turquie, qui a accueilli plus de quatre millions de r\u00e9fugi\u00e9s venus de Syrie \u00e0 la suite de la pr\u00e9c\u00e9dente crise migratoire et fait office d\u2019\u00e9tape pour de nombreux migrants d\u00e9sireux de rejoindre l\u2019Europe, pr\u00e9voit de poursuivre d\u2019ici la fin de l\u2019ann\u00e9e l\u2019installation d\u2019un mur frontalier commenc\u00e9e en 2017.<\/p>\n\n\n\n<p>Des patrouilles de s\u00e9curit\u00e9 et d\u2019autres mesures sont en place le long des 560 kilom\u00e8tres de la fronti\u00e8re. \u00ab Nous voulons montrer au monde entier que nos fronti\u00e8res sont infranchissables \u00bb, a d\u00e9clar\u00e9 \u00e0 Reuters le gouverneur de la province de Van, dans l\u2019est du pays. \u00ab Notre plus grand espoir est qu\u2019il n\u2019y ait pas de vague de migrants venus d\u2019Afghanistan \u00bb, a ajout\u00e9 Mehmet Emin Bilmez au cours du week-end.<\/p>\n\n\n\n<p>Selon les autorit\u00e9s, quelque 182 000 migrants afghans se trouvent l\u00e9galement en Turquie, et quelque 120 000 autres seraient entr\u00e9s ill\u00e9galement dans le pays, d\u2019apr\u00e8s des estimations.<\/p>\n\n\n\n<p>Le pr\u00e9sident Recep Tayyip Erdogan a exhort\u00e9 les pays europ\u00e9ens \u00e0 assumer leurs responsabilit\u00e9s face \u00e0 d\u2019\u00e9ventuels afflux de migrants, d\u00e9clarant que son pays ne deviendrait pas l&rsquo;\u00ab entrep\u00f4t de migrants de l\u2019Europe \u00bb.<\/p>\n\n\n\n<p>Comme la Turquie, la Gr\u00e8ce a renforc\u00e9 sa fronti\u00e8re en \u00e9rigeant 40 kilom\u00e8tres de barri\u00e8re et un syst\u00e8me de surveillance pour stopper les migrants qui parviendraient \u00e0 \u00e9chapper au contr\u00f4le des autorit\u00e9s turques pour entrer dans l\u2019Union europ\u00e9enne.<\/p>\n\n\n\n<p class=\"has-text-align-right\">Ouest France avec Reuters Publi\u00e9 le 22\/08\/2021 \u00e0 22h46<\/p>\n\n\n\n<hr class=\"wp-block-separator\"\/>\n\n\n\n<h2 class=\"wp-block-heading\">Doc. 3- Un monde qui s&#8217;emmure<\/h2>\n\n\n\n<figure class=\"wp-block-image size-large\"><img decoding=\"async\" src=\"http:\/\/www.hgsempai.fr\/carto\/wp-content\/uploads\/2021\/09\/4g2l1_murs-1024x851.png\" alt=\"\"\/><figcaption>Une carte \u00e0 retrouver sur l&rsquo;<a href=\"http:\/\/www.hgsempai.fr\/carto\/\" target=\"_blank\" rel=\"noreferrer noopener\">atelier Carto d&rsquo;HG Sempai<\/a><\/figcaption><\/figure>\n\n\n\n<h2 class=\"wp-block-heading\">QUESTIONS:<\/h2>\n\n\n\n<ol class=\"wp-block-list\"><li>Sur la fronti\u00e8re avec quel pays la Turquie construit-elle un mur?<\/li><li>Quel est l&rsquo;objectif recherch\u00e9?<\/li><li>Comment la Turquie explique-t-elle ce besoin de construire un mur?<\/li><li>Quel \u00e9v\u00e8nement r\u00e9cent risque de provoquer une augmentation de la tension \u00e0 cette fronti\u00e8re? Justifie ta r\u00e9ponse.<\/li><li>Cette tendance \u00e0 la fermeture des fronti\u00e8res existe-t-elle ailleurs dans le monde? Justifie ta r\u00e9ponse<\/li><\/ol>\n","protected":false},"excerpt":{"rendered":"<p>Doc. 1- La Turquie se \u00ab\u00a0prot\u00e8ge\u00a0\u00bb des migrants Doc. 2- Turquie. Renforcement aux fronti\u00e8res pour bloquer tout afflux de migrants afghans La Turquie estime avoir atteint ses capacit\u00e9s d\u2019accueil de migrants tentant&#46;&#46;&#46;<\/p>\n","protected":false},"author":1,"featured_media":3258,"comment_status":"open","ping_status":"open","sticky":false,"template":"","format":"standard","meta":{"footnotes":""},"categories":[284],"tags":[358,762,761,760],"class_list":["post-3254","post","type-post","status-publish","format-standard","has-post-thumbnail","hentry","category-geographie-2","tag-4g2l1","tag-frontiere","tag-mur","tag-turquie"],"_links":{"self":[{"href":"https:\/\/www.hgsempai.fr\/atelier\/index.php?rest_route=\/wp\/v2\/posts\/3254","targetHints":{"allow":["GET"]}}],"collection":[{"href":"https:\/\/www.hgsempai.fr\/atelier\/index.php?rest_route=\/wp\/v2\/posts"}],"about":[{"href":"https:\/\/www.hgsempai.fr\/atelier\/index.php?rest_route=\/wp\/v2\/types\/post"}],"author":[{"embeddable":true,"href":"https:\/\/www.hgsempai.fr\/atelier\/index.php?rest_route=\/wp\/v2\/users\/1"}],"replies":[{"embeddable":true,"href":"https:\/\/www.hgsempai.fr\/atelier\/index.php?rest_route=%2Fwp%2Fv2%2Fcomments&post=3254"}],"version-history":[{"count":5,"href":"https:\/\/www.hgsempai.fr\/atelier\/index.php?rest_route=\/wp\/v2\/posts\/3254\/revisions"}],"predecessor-version":[{"id":3262,"href":"https:\/\/www.hgsempai.fr\/atelier\/index.php?rest_route=\/wp\/v2\/posts\/3254\/revisions\/3262"}],"wp:featuredmedia":[{"embeddable":true,"href":"https:\/\/www.hgsempai.fr\/atelier\/index.php?rest_route=\/wp\/v2\/media\/3258"}],"wp:attachment":[{"href":"https:\/\/www.hgsempai.fr\/atelier\/index.php?rest_route=%2Fwp%2Fv2%2Fmedia&parent=3254"}],"wp:term":[{"taxonomy":"category","embeddable":true,"href":"https:\/\/www.hgsempai.fr\/atelier\/index.php?rest_route=%2Fwp%2Fv2%2Fcategories&post=3254"},{"taxonomy":"post_tag","embeddable":true,"href":"https:\/\/www.hgsempai.fr\/atelier\/index.php?rest_route=%2Fwp%2Fv2%2Ftags&post=3254"}],"curies":[{"name":"wp","href":"https:\/\/api.w.org\/{rel}","templated":true}]}}