{"id":3251,"date":"2021-09-06T18:00:00","date_gmt":"2021-09-06T18:00:00","guid":{"rendered":"http:\/\/www.hgsempai.fr\/atelier\/?p=3251"},"modified":"2021-09-05T12:03:36","modified_gmt":"2021-09-05T12:03:36","slug":"parcours-de-migrants-les-migrants-environnementaux","status":"publish","type":"post","link":"https:\/\/www.hgsempai.fr\/atelier\/?p=3251","title":{"rendered":"Parcours de migrants: Les migrants environnementaux"},"content":{"rendered":"\n<p><a href=\"https:\/\/www.pedagogie.ac-nantes.fr\/histoire-geographie-citoyennete\/un-monde-de-migrants-parcours-de-migrants-1--1044341.kjsp\" target=\"_blank\" rel=\"noreferrer noopener\">Activit\u00e9 reprise du travail de Aurore Mariel, Elodie Soubise et Justine Gigarel, propos\u00e9 sur le site acad\u00e9mique de Nantes.<\/a><\/p>\n\n\n\n<hr class=\"wp-block-separator\"\/>\n\n\n\n<h2 class=\"wp-block-heading\">Doc. 1- Les migrants climatiques<\/h2>\n\n\n\n<figure class=\"wp-block-embed is-type-video is-provider-youtube wp-block-embed-youtube wp-embed-aspect-16-9 wp-has-aspect-ratio\"><div class=\"wp-block-embed__wrapper\">\n<div class=\"video-container\"><iframe loading=\"lazy\" title=\"migrants climatiques\" width=\"500\" height=\"281\" src=\"https:\/\/www.youtube.com\/embed\/vNoKTVn2h-g?feature=oembed&#038;wmode=opaque\" frameborder=\"0\" allow=\"accelerometer; autoplay; clipboard-write; encrypted-media; gyroscope; picture-in-picture; web-share\" referrerpolicy=\"strict-origin-when-cross-origin\" allowfullscreen><\/iframe><\/div>\n<\/div><figcaption>Vid\u00e9o \u00e0 retrouver sur la cha\u00eene de <a href=\"https:\/\/www.youtube.com\/channel\/UCKd5-41rOzRcOvt6GeiCb5Q\">Elodie Soubise<\/a> <\/figcaption><\/figure>\n\n\n\n<hr class=\"wp-block-separator\"\/>\n\n\n\n<h2 class=\"wp-block-heading\">Doc. 2- Les effets du changement global sur les migrations<\/h2>\n\n\n\n<figure class=\"wp-block-image\"><img decoding=\"async\" src=\"http:\/\/www.hgsempai.fr\/carto\/wp-content\/uploads\/2019\/09\/chgt_global_migration.png\" alt=\"\"\/><\/figure>\n\n\n\n<hr class=\"wp-block-separator\"\/>\n\n\n\n<h2 class=\"wp-block-heading\">Doc. 3- Les migrants environnementaux<\/h2>\n\n\n\n<p>On estime aujourd\u2019hui \u00e0 42 millions le nombre de r\u00e9fugi\u00e9s environnementaux \u00e0 l\u2019\u00e9chelle mondiale. Le changement climatique pourrait faire passer ce nombre de migrants \u00e0 250 millions en 2050. Les causes des d\u00e9placements environnementaux sont multiples&nbsp;: d\u00e9gel (Alaska), cyclones (Cara\u00efbes), \u00e9l\u00e9vation du niveau des mers (\u00eeles Tuvalu), d\u00e9sertification (Sahel), fonte des glaciers continentaux (Himalaya), inondations (Tha\u00eflande). Au Bangladesh, l\u2019inondation du delta du Gange li\u00e9 \u00e0 la fonte des glaciers de l\u2019Himalaya pourrait engendrer des catastrophes humaines dans la capitale, Dhaka, en raison de la concentration de la population sur place et de sa pr\u00e9carit\u00e9. L\u2019Inde est d\u2019ailleurs en train de construire un mur entre les deux pays pour se pr\u00e9munir des migrations du Bangladesh. Il va de soi que les plus pauvres ne partiront qu\u2019en y \u00e9tant forc\u00e9s.<\/p>\n\n\n\n<p class=\"has-text-align-right\">Catherine Wihtol de Wenden, dans <em>Atlas des migrations<\/em>, Autrement, 2016<\/p>\n","protected":false},"excerpt":{"rendered":"<p>Activit\u00e9 reprise du travail de Aurore Mariel, Elodie Soubise et Justine Gigarel, propos\u00e9 sur le site acad\u00e9mique de Nantes. Doc. 1- Les migrants climatiques Doc. 2- Les effets du changement global sur&#46;&#46;&#46;<\/p>\n","protected":false},"author":1,"featured_media":3252,"comment_status":"open","ping_status":"open","sticky":false,"template":"","format":"standard","meta":{"footnotes":""},"categories":[284],"tags":[358,759,758,193],"class_list":["post-3251","post","type-post","status-publish","format-standard","has-post-thumbnail","hentry","category-geographie-2","tag-4g2l1","tag-climatique","tag-envisonnement","tag-migration"],"_links":{"self":[{"href":"https:\/\/www.hgsempai.fr\/atelier\/index.php?rest_route=\/wp\/v2\/posts\/3251","targetHints":{"allow":["GET"]}}],"collection":[{"href":"https:\/\/www.hgsempai.fr\/atelier\/index.php?rest_route=\/wp\/v2\/posts"}],"about":[{"href":"https:\/\/www.hgsempai.fr\/atelier\/index.php?rest_route=\/wp\/v2\/types\/post"}],"author":[{"embeddable":true,"href":"https:\/\/www.hgsempai.fr\/atelier\/index.php?rest_route=\/wp\/v2\/users\/1"}],"replies":[{"embeddable":true,"href":"https:\/\/www.hgsempai.fr\/atelier\/index.php?rest_route=%2Fwp%2Fv2%2Fcomments&post=3251"}],"version-history":[{"count":1,"href":"https:\/\/www.hgsempai.fr\/atelier\/index.php?rest_route=\/wp\/v2\/posts\/3251\/revisions"}],"predecessor-version":[{"id":3253,"href":"https:\/\/www.hgsempai.fr\/atelier\/index.php?rest_route=\/wp\/v2\/posts\/3251\/revisions\/3253"}],"wp:featuredmedia":[{"embeddable":true,"href":"https:\/\/www.hgsempai.fr\/atelier\/index.php?rest_route=\/wp\/v2\/media\/3252"}],"wp:attachment":[{"href":"https:\/\/www.hgsempai.fr\/atelier\/index.php?rest_route=%2Fwp%2Fv2%2Fmedia&parent=3251"}],"wp:term":[{"taxonomy":"category","embeddable":true,"href":"https:\/\/www.hgsempai.fr\/atelier\/index.php?rest_route=%2Fwp%2Fv2%2Fcategories&post=3251"},{"taxonomy":"post_tag","embeddable":true,"href":"https:\/\/www.hgsempai.fr\/atelier\/index.php?rest_route=%2Fwp%2Fv2%2Ftags&post=3251"}],"curies":[{"name":"wp","href":"https:\/\/api.w.org\/{rel}","templated":true}]}}