{"id":3247,"date":"2021-09-06T18:00:00","date_gmt":"2021-09-06T18:00:00","guid":{"rendered":"http:\/\/www.hgsempai.fr\/atelier\/?p=3247"},"modified":"2021-09-26T14:33:56","modified_gmt":"2021-09-26T14:33:56","slug":"parcours-de-migrants-fuir-les-combats","status":"publish","type":"post","link":"https:\/\/www.hgsempai.fr\/atelier\/?p=3247","title":{"rendered":"Parcours de migrants: Fuir les combats"},"content":{"rendered":"\n<p><a href=\"https:\/\/www.pedagogie.ac-nantes.fr\/histoire-geographie-citoyennete\/un-monde-de-migrants-parcours-de-migrants-1--1044341.kjsp\" target=\"_blank\" rel=\"noreferrer noopener\">Activit\u00e9 reprise du travail de Aurore Mariel, Elodie Soubise et Justine Gigarel, propos\u00e9 sur le site acad\u00e9mique de Nantes.<\/a><\/p>\n\n\n\n<hr class=\"wp-block-separator\"\/>\n\n\n\n<h2 class=\"wp-block-heading\">Doc. 1- Le long voyage des migrants<\/h2>\n\n\n\n<figure class=\"wp-block-embed is-type-video is-provider-youtube wp-block-embed-youtube wp-embed-aspect-16-9 wp-has-aspect-ratio\"><div class=\"wp-block-embed__wrapper\">\n<div class=\"video-container\"><iframe loading=\"lazy\" title=\"Le long voyage des migrants\" width=\"500\" height=\"281\" src=\"https:\/\/www.youtube.com\/embed\/BAP-OFzg0-o?feature=oembed&#038;wmode=opaque\" frameborder=\"0\" allow=\"accelerometer; autoplay; clipboard-write; encrypted-media; gyroscope; picture-in-picture; web-share\" referrerpolicy=\"strict-origin-when-cross-origin\" allowfullscreen><\/iframe><\/div>\n<\/div><figcaption> Vid\u00e9o \u00e0 retrouver sur la cha\u00eene de <a href=\"https:\/\/www.youtube.com\/channel\/UCKd5-41rOzRcOvt6GeiCb5Q\">Elodie Soubise<\/a>  <\/figcaption><\/figure>\n\n\n\n<figure class=\"wp-block-embed is-type-video is-provider-youtube wp-block-embed-youtube wp-embed-aspect-16-9 wp-has-aspect-ratio\"><div class=\"wp-block-embed__wrapper\">\n<div class=\"video-container\"><iframe loading=\"lazy\" title=\"les migrants syriens racontent l&#039;horreur de leur travers\u00e9e\" width=\"500\" height=\"281\" src=\"https:\/\/www.youtube.com\/embed\/Afvb1-VS2bY?feature=oembed&#038;wmode=opaque\" frameborder=\"0\" allow=\"accelerometer; autoplay; clipboard-write; encrypted-media; gyroscope; picture-in-picture; web-share\" referrerpolicy=\"strict-origin-when-cross-origin\" allowfullscreen><\/iframe><\/div>\n<\/div><figcaption> Vid\u00e9o \u00e0 retrouver sur la cha\u00eene de <a href=\"https:\/\/www.youtube.com\/channel\/UCKd5-41rOzRcOvt6GeiCb5Q\">Elodie Soubise<\/a> <\/figcaption><\/figure>\n\n\n\n<hr class=\"wp-block-separator\"\/>\n\n\n\n<h2 class=\"wp-block-heading\">Doc. 2- Fuir l&rsquo;Afghanistan avec ses \u00ab\u00a0v\u00eatements sur le dos, et rien d&rsquo;autre\u00a0\u00bb<\/h2>\n\n\n\n<p><em>Rencontr\u00e9e samedi par l&rsquo;AFP \u00e0 la Cit\u00e9 humanitaire internationale \u00e0 Abou Dhabi, aux Emirats arabes unis, o\u00f9 se trouvent d&rsquo;autres \u00e9vacu\u00e9s afghans qui attendent leur transfert vers des pays tiers, l&rsquo;\u00e9tudiante en m\u00e9decine de 21 ans a du mal \u00e0 oublier l&rsquo;enfer qu&rsquo;elle a v\u00e9cu les jours pr\u00e9c\u00e9dant sa fuite.<\/em><\/p>\n\n\n\n<p>\u00ab\u00a0Mon mari travaillait pour l&rsquo;ambassade am\u00e9ricaine. Ils [les talibans] nous auraient tu\u00e9s si nous \u00e9tions rest\u00e9s\u00a0\u00bb, raconte Wazhma, quelques heures avant d&#8217;embarquer sur un vol \u00e0 destination des \u00c9tats-Unis. Au total, environ 109.000 personnes ont \u00e9t\u00e9 \u00e9vacu\u00e9es d&rsquo;Afghanistan depuis le 14 ao\u00fbt, veille de la prise de pouvoir des talibans \u00e0 Kaboul, selon les derniers chiffres du gouvernement am\u00e9ricain. Accompagn\u00e9e de son mari, de son beau-fr\u00e8re et de son neveu en bas \u00e2ge, Wazhma dit avoir pass\u00e9 \u00ab\u00a0les trois plus longs jours\u00a0\u00bb de sa vie, se d\u00e9pla\u00e7ant de cachette en cachette avant d&rsquo;atteindre l&rsquo;a\u00e9roport de Kaboul, o\u00f9 des agents am\u00e9ricains les attendaient. \u00ab\u00a0La situation \u00e9tait tr\u00e8s difficile. Mais, gr\u00e2ce \u00e0 Dieu, nous sommes maintenant en s\u00e9curit\u00e9\u00a0\u00bb, a-t-elle confi\u00e9, son neveu dans les bras. A la question de savoir si elle reviendrait un jour en Afghanistan, elle l\u00e2che: \u00ab\u00a0Jamais! Sauf si les talibans partent\u00a0\u00bb.<\/p>\n\n\n\n<p>Selon elle, les combattants du mouvement islamiste ultra-radical ne respecteront pas les droits des femmes, malgr\u00e9 leurs promesses d&rsquo;\u00e9tablir un r\u00e9gime plus mod\u00e9r\u00e9 que celui qu&rsquo;ils avaient impos\u00e9 entre 1996 et 2001, jusqu&rsquo;\u00e0 l&rsquo;invasion am\u00e9ricaine apr\u00e8s les attentats du 11-Septembre.<\/p>\n\n\n\n<p>\u00ab\u00a0Je suis heureuse d&rsquo;\u00eatre partie, mais je m&rsquo;inqui\u00e8te pour ma m\u00e8re, mon p\u00e8re, ma soeur et mon fr\u00e8re\u00a0\u00bb rest\u00e9s en Afghanistan, dit Wazhma.<\/p>\n\n\n\n<p>Les op\u00e9rations d&rsquo;\u00e9vacuation d&rsquo;Afghanistan touchent \u00e0 leur fin, alors que les craintes s\u00e9curitaires s&rsquo;accentuent apr\u00e8s un attentat survenu jeudi \u00e0 l&rsquo;a\u00e9roport de Kaboul. L&rsquo;attaque, revendiqu\u00e9e par l\u2019\u00c9tat islamique au Khorasan, a fait plus d&rsquo;une centaine de morts, dont 13 soldats am\u00e9ricains.<\/p>\n\n\n\n<p>A l&rsquo;approche de la date limite pour la fin des \u00e9vacuations, pr\u00e9vue le 31 ao\u00fbt, quelque 5.400 personnes sont actuellement r\u00e9fugi\u00e9es dans l&rsquo;enceinte de l&rsquo;a\u00e9roport, attendant de monter dans un avion. [\u2026] Les Nations unies ont indiqu\u00e9 vendredi s&rsquo;attendre, dans le pire des sc\u00e9narios, \u00e0 la fuite d&rsquo;un demi-million de r\u00e9fugi\u00e9s afghans suppl\u00e9mentaires en 2021.<\/p>\n\n\n\n<p class=\"has-text-align-right\">D\u2019apr\u00e8s, Giuseppe CACACE, <em>afp.com<\/em>, publi\u00e9 le 28\/08\/2021 \u00e0 15:17, mis \u00e0 jour \u00e016:14<\/p>\n\n\n\n<hr class=\"wp-block-separator\"\/>\n\n\n\n<h2 class=\"wp-block-heading\">Doc. 3- Les principales \u00e9vacuations \u00e0 Kaboul<\/h2>\n\n\n\n<div class=\"wp-block-image\"><figure class=\"aligncenter size-full\"><img loading=\"lazy\" decoding=\"async\" width=\"705\" height=\"410\" src=\"https:\/\/www.hgsempai.fr\/atelier\/wp-content\/uploads\/2021\/09\/evacuation_kaboul.png\" alt=\"\" class=\"wp-image-3286\" srcset=\"https:\/\/www.hgsempai.fr\/atelier\/wp-content\/uploads\/2021\/09\/evacuation_kaboul.png 705w, https:\/\/www.hgsempai.fr\/atelier\/wp-content\/uploads\/2021\/09\/evacuation_kaboul-300x174.png 300w\" sizes=\"auto, (max-width: 705px) 100vw, 705px\" \/><\/figure><\/div>\n","protected":false},"excerpt":{"rendered":"<p>Activit\u00e9 reprise du travail de Aurore Mariel, Elodie Soubise et Justine Gigarel, propos\u00e9 sur le site acad\u00e9mique de Nantes. Doc. 1- Le long voyage des migrants Doc. 2- Fuir l&rsquo;Afghanistan avec ses&#46;&#46;&#46;<\/p>\n","protected":false},"author":1,"featured_media":3245,"comment_status":"open","ping_status":"open","sticky":false,"template":"","format":"standard","meta":{"footnotes":""},"categories":[284],"tags":[358,755,756,193,753],"class_list":["post-3247","post","type-post","status-publish","format-standard","has-post-thumbnail","hentry","category-geographie-2","tag-4g2l1","tag-combat","tag-guerre","tag-migration","tag-refugies"],"_links":{"self":[{"href":"https:\/\/www.hgsempai.fr\/atelier\/index.php?rest_route=\/wp\/v2\/posts\/3247","targetHints":{"allow":["GET"]}}],"collection":[{"href":"https:\/\/www.hgsempai.fr\/atelier\/index.php?rest_route=\/wp\/v2\/posts"}],"about":[{"href":"https:\/\/www.hgsempai.fr\/atelier\/index.php?rest_route=\/wp\/v2\/types\/post"}],"author":[{"embeddable":true,"href":"https:\/\/www.hgsempai.fr\/atelier\/index.php?rest_route=\/wp\/v2\/users\/1"}],"replies":[{"embeddable":true,"href":"https:\/\/www.hgsempai.fr\/atelier\/index.php?rest_route=%2Fwp%2Fv2%2Fcomments&post=3247"}],"version-history":[{"count":3,"href":"https:\/\/www.hgsempai.fr\/atelier\/index.php?rest_route=\/wp\/v2\/posts\/3247\/revisions"}],"predecessor-version":[{"id":3287,"href":"https:\/\/www.hgsempai.fr\/atelier\/index.php?rest_route=\/wp\/v2\/posts\/3247\/revisions\/3287"}],"wp:featuredmedia":[{"embeddable":true,"href":"https:\/\/www.hgsempai.fr\/atelier\/index.php?rest_route=\/wp\/v2\/media\/3245"}],"wp:attachment":[{"href":"https:\/\/www.hgsempai.fr\/atelier\/index.php?rest_route=%2Fwp%2Fv2%2Fmedia&parent=3247"}],"wp:term":[{"taxonomy":"category","embeddable":true,"href":"https:\/\/www.hgsempai.fr\/atelier\/index.php?rest_route=%2Fwp%2Fv2%2Fcategories&post=3247"},{"taxonomy":"post_tag","embeddable":true,"href":"https:\/\/www.hgsempai.fr\/atelier\/index.php?rest_route=%2Fwp%2Fv2%2Ftags&post=3247"}],"curies":[{"name":"wp","href":"https:\/\/api.w.org\/{rel}","templated":true}]}}