{"id":3129,"date":"2021-08-23T18:00:00","date_gmt":"2021-08-23T18:00:00","guid":{"rendered":"http:\/\/www.hgsempai.fr\/atelier\/?p=3129"},"modified":"2021-08-24T07:15:43","modified_gmt":"2021-08-24T07:15:43","slug":"les-ports-francais-peints-par-joseph-vernet","status":"publish","type":"post","link":"https:\/\/www.hgsempai.fr\/atelier\/?p=3129","title":{"rendered":"Les ports fran\u00e7ais peints par Joseph Vernet"},"content":{"rendered":"\n<div class=\"wp-block-columns is-layout-flex wp-container-core-columns-is-layout-9d6595d7 wp-block-columns-is-layout-flex\">\n<div class=\"wp-block-column is-layout-flow wp-block-column-is-layout-flow\" style=\"flex-basis:33.33%\">\n<p><a href=\"https:\/\/commons.wikimedia.org\/wiki\/File:Mus%C3%A9e_Calvet_Van_Loo_Louis-Michel_Joseph_Vernet_1768.jpg#\/media\/Fichier:Mus\u00e9e_Calvet_Van_Loo_Louis-Michel_Joseph_Vernet_1768.jpg\"><img loading=\"lazy\" decoding=\"async\" src=\"https:\/\/upload.wikimedia.org\/wikipedia\/commons\/a\/a6\/Mus%C3%A9e_Calvet_Van_Loo_Louis-Michel_Joseph_Vernet_1768.jpg\" alt=\"Mus\u00e9e Calvet Van Loo Louis-Michel Joseph Vernet 1768.jpg\" width=\"475\" height=\"480\"><\/a><br>Par <a href=\"https:\/\/en.wikipedia.org\/wiki\/fr:Louis-Michel_van_Loo\" class=\"extiw\" title=\"w:fr:Louis-Michel van Loo\">Louis-Michel van Loo<\/a>, Domaine public, <a href=\"https:\/\/commons.wikimedia.org\/w\/index.php?curid=79040244\">Lien<\/a><\/p>\n<\/div>\n\n\n\n<div class=\"wp-block-column is-layout-flow wp-block-column-is-layout-flow\" style=\"flex-basis:66.66%\">\n<p>Joseph Vernet est n\u00e9 \u00e0 Avignon, le 14 ao\u00fbt 1714. D\u00e8s son plus jeune \u00e2ge, il marque d\u2019\u00e9tonnantes dispositions. Son p\u00e8re, peintre lui-m\u00eame, lui donne ses premi\u00e8res le\u00e7ons. Vers quinze ans, il quitte l\u2019atelier de son p\u00e8re pour celui du peintre d\u2019Histoire, Philippe Sauvan, puis celui de Jacques Vali, peintre aixois de paysages et de marines. En novembre 1734 (il a 18 ans), il se rend \u00e0 Rome s\u00e9journe en Italie pr\u00e8s de vingt ans, de 1734 \u00e0 1753.<\/p>\n\n\n\n<p>Les talents topographiques de Vernet sont d\u00e9j\u00e0 fort connus et, le 27 septembre 1753, il re\u00e7oit de Louis XV la commande des vues des principaux ports de France. C\u2019est la commande la plus importante du r\u00e8gne de Louis XV. Un itin\u00e9raire tr\u00e8s pr\u00e9cis est \u00e9tabli par la Direction des B\u00e2timents qui pr\u00e9voit une vingtaine de toiles, les ports les plus importants comme Marseille, Toulon ou Bayonne devant comporter plusieurs tableaux. Les premiers plans doivent montrer dans le d\u00e9tail les activit\u00e9s propres \u00e0 chaque r\u00e9gion.<\/p>\n\n\n\n<p>Pendant dix ans, Vernet travaille \u00e0 la commande puis, en 1762, fatigu\u00e9 par une vie itin\u00e9rante qui le m\u00e8ne de ville en ville, il d\u00e9cide d\u2019abandonner. Il se fixe enfin \u00e0 Paris, travaillant jusqu\u2019\u00e0 sa mort pour une client\u00e8le internationale. Il meurt \u00e0 Paris en 1789.<\/p>\n\n\n\n<p class=\"has-text-align-right\">D\u2019apr\u00e8s le mus\u00e9e de la Marine<\/p>\n<\/div>\n<\/div>\n\n\n\n<hr class=\"wp-block-separator\"\/>\n\n\n\n<div class=\"wp-block-columns is-layout-flex wp-container-core-columns-is-layout-9d6595d7 wp-block-columns-is-layout-flex\">\n<div class=\"wp-block-column is-layout-flow wp-block-column-is-layout-flow\" style=\"flex-basis:66.66%\">\n<p>\u00ab&nbsp;[Il est d\u00e9cid\u00e9]<\/p>\n\n\n\n<p>1- que [Vernet] sera charg\u00e9 de peindre tous les Ports de France<\/p>\n\n\n\n<p>2- que chaque tableau lui sera pay\u00e9 6000 livres, attendus les frais de voyage, de s\u00e9jour et autres d\u00e9penses, peines, soins, pertes de temps, etc.<\/p>\n\n\n\n<p>3- qu\u2019il soit honor\u00e9 du titre de Peintre des marines de Votre Majest\u00e9<\/p>\n\n\n\n<p>4- qu\u2019il peut esp\u00e9r\u00e9 un des premiers logements d\u2019arftistes qui viendront \u00e0 vaquer.&nbsp;\u00bb<\/p>\n\n\n\n<p class=\"has-text-align-right\"><em>Journal des d\u00e9cisions du Roi<\/em>, 17 septembre 1753<\/p>\n<\/div>\n\n\n\n<div class=\"wp-block-column is-layout-flow wp-block-column-is-layout-flow\" style=\"flex-basis:33.33%\">\n<p><a href=\"https:\/\/commons.wikimedia.org\/wiki\/File:Louis_XV_France_by_Louis-Michel_van_Loo_002.jpg#\/media\/Fichier:Louis_XV_France_by_Louis-Michel_van_Loo_002.jpg\"><img loading=\"lazy\" decoding=\"async\" src=\"https:\/\/upload.wikimedia.org\/wikipedia\/commons\/7\/78\/Louis_XV_France_by_Louis-Michel_van_Loo_002.jpg\" alt=\"Illustration.\" width=\"377\" height=\"480\"><\/a><br>Louis XV en costume de sacre, huile sur toile\nde Louis-Michel van Loo (1762), Domaine public, <a href=\"https:\/\/commons.wikimedia.org\/w\/index.php?curid=5248965\">Lien<\/a><\/p>\n<\/div>\n<\/div>\n\n\n\n<hr class=\"wp-block-separator\"\/>\n\n\n\n<div style=\"width: 100%;\"><div style=\"position: relative; padding-bottom: 100.60%; padding-top: 0; height: 0;\"><iframe loading=\"lazy\" style=\"position: absolute; top: 0; left: 0; width: 100%; height: 100%;\" src=\"https:\/\/view.genial.ly\/5f325de09a67350d7bac419a\" type=\"text\/html\" allowscriptaccess=\"always\" allowfullscreen=\"true\" scrolling=\"yes\" allownetworking=\"all\" width=\"496px\" height=\"499px\" frameborder=\"0\"><\/iframe> <\/div> <\/div>\n","protected":false},"excerpt":{"rendered":"<p>Par Louis-Michel van Loo, Domaine public, Lien Joseph Vernet est n\u00e9 \u00e0 Avignon, le 14 ao\u00fbt 1714. D\u00e8s son plus jeune \u00e2ge, il marque d\u2019\u00e9tonnantes dispositions. Son p\u00e8re, peintre lui-m\u00eame, lui donne&#46;&#46;&#46;<\/p>\n","protected":false},"author":1,"featured_media":3192,"comment_status":"open","ping_status":"open","sticky":false,"template":"","format":"standard","meta":{"footnotes":""},"categories":[165],"tags":[335,152,229,319],"class_list":["post-3129","post","type-post","status-publish","format-standard","has-post-thumbnail","hentry","category-histoire","tag-4h1l1","tag-france","tag-ports","tag-vernet"],"_links":{"self":[{"href":"https:\/\/www.hgsempai.fr\/atelier\/index.php?rest_route=\/wp\/v2\/posts\/3129","targetHints":{"allow":["GET"]}}],"collection":[{"href":"https:\/\/www.hgsempai.fr\/atelier\/index.php?rest_route=\/wp\/v2\/posts"}],"about":[{"href":"https:\/\/www.hgsempai.fr\/atelier\/index.php?rest_route=\/wp\/v2\/types\/post"}],"author":[{"embeddable":true,"href":"https:\/\/www.hgsempai.fr\/atelier\/index.php?rest_route=\/wp\/v2\/users\/1"}],"replies":[{"embeddable":true,"href":"https:\/\/www.hgsempai.fr\/atelier\/index.php?rest_route=%2Fwp%2Fv2%2Fcomments&post=3129"}],"version-history":[{"count":1,"href":"https:\/\/www.hgsempai.fr\/atelier\/index.php?rest_route=\/wp\/v2\/posts\/3129\/revisions"}],"predecessor-version":[{"id":3130,"href":"https:\/\/www.hgsempai.fr\/atelier\/index.php?rest_route=\/wp\/v2\/posts\/3129\/revisions\/3130"}],"wp:featuredmedia":[{"embeddable":true,"href":"https:\/\/www.hgsempai.fr\/atelier\/index.php?rest_route=\/wp\/v2\/media\/3192"}],"wp:attachment":[{"href":"https:\/\/www.hgsempai.fr\/atelier\/index.php?rest_route=%2Fwp%2Fv2%2Fmedia&parent=3129"}],"wp:term":[{"taxonomy":"category","embeddable":true,"href":"https:\/\/www.hgsempai.fr\/atelier\/index.php?rest_route=%2Fwp%2Fv2%2Fcategories&post=3129"},{"taxonomy":"post_tag","embeddable":true,"href":"https:\/\/www.hgsempai.fr\/atelier\/index.php?rest_route=%2Fwp%2Fv2%2Ftags&post=3129"}],"curies":[{"name":"wp","href":"https:\/\/api.w.org\/{rel}","templated":true}]}}