{"id":3037,"date":"2021-06-05T18:00:00","date_gmt":"2021-06-05T18:00:00","guid":{"rendered":"http:\/\/www.hgsempai.fr\/atelier\/?p=3037"},"modified":"2021-06-05T12:58:11","modified_gmt":"2021-06-05T12:58:11","slug":"voter-sous-la-iie-republique","status":"publish","type":"post","link":"https:\/\/www.hgsempai.fr\/atelier\/?p=3037","title":{"rendered":"Voter sous la IIe R\u00e9publique"},"content":{"rendered":"\n<h4 class=\"wp-block-heading\"><em>En f\u00e9vrier 1848, une r\u00e9volution \u00e0 Paris renverse Louis-Philippe et proclame la ll<\/em><sup><em>e<\/em><\/sup><em> R\u00e9publique.<\/em><\/h4>\n\n\n\n<hr class=\"wp-block-separator\"\/>\n\n\n\n<h2 class=\"wp-block-heading\">Doc. 1- Le d\u00e9cret de mars 1848.<\/h2>\n\n\n\n<p>Le gouvernement provisoire de la R\u00e9publique,<\/p>\n\n\n\n<p>Voulant remettre le plus t\u00f4t possible aux mains d\u2019un gouvernement d\u00e9finitif les pouvoirs qu\u2019il exerce dans l\u2019int\u00e9r\u00eat et par le commandement du peuple,<\/p>\n\n\n\n<p>D\u00e9cr\u00e8te :<\/p>\n\n\n\n<p>[\u2026]<\/p>\n\n\n\n<p><strong>Article 2.<\/strong> L\u2019\u00e9lection aura pour base la population.<\/p>\n\n\n\n<p><strong>Article 3.<\/strong> Le nombre total de repr\u00e9sentants du peuple sera de 900 y compris l\u2019Alg\u00e9rie et les colonies Fran\u00e7aises.<\/p>\n\n\n\n<p><strong>Article 4.<\/strong> Ils seront r\u00e9partis entre les d\u00e9partements dans la proportion indiqu\u00e9e au tableau ci-joint.<\/p>\n\n\n\n<p><strong>Article 5.<\/strong> Le suffrage sera direct et universel.<\/p>\n\n\n\n<p><strong>Article 6.<\/strong> Sont \u00e9lecteurs tous les Fran\u00e7ais \u00e2g\u00e9s de 21 ans r\u00e9sidant dans la commune depuis six mois et non judiciairement priv\u00e9s ou suspendus de l\u2019exercice des droits civiques.<\/p>\n\n\n\n<p><strong>Article 7.<\/strong> Sont \u00e9ligibles tous les Fran\u00e7ais \u00e2g\u00e9s de 23 ans et non priv\u00e9s ou suspendus de l\u2019exercice des droits civiques.<\/p>\n\n\n\n<p><strong>Article 8.<\/strong> Le scrutin sera secret.<\/p>\n\n\n\n<p><strong>Article 9.<\/strong> Tous les \u00e9lecteurs voteront au chef-lieu de leur canton par scrutin de liste. [\u2026]<\/p>\n\n\n\n<p>Fait \u00e0 Paris, en Conseil de Gouvernement, le 5 mars 1848 Les membres du gouvernement provisoire Armand Marrast, Garnier-Pag\u00e8s, Arago, Albert, Marie, Cr\u00e9mieux, Dupont (de l\u2019Eure), Louis Blanc, Ledru-Rollin, Flocon, Lamartine.<\/p>\n\n\n\n<p class=\"has-text-align-right\">Le secr\u00e9taire g\u00e9n\u00e9ral du Gouvernement provisoire, Pagnerre<\/p>\n\n\n\n<hr class=\"wp-block-separator\"\/>\n\n\n\n<h2 class=\"wp-block-heading\">Doc. 2- Voter sous la ll<sup>e<\/sup> R\u00e9publique<\/h2>\n\n\n\n<figure class=\"wp-block-image size-large\"><img loading=\"lazy\" decoding=\"async\" width=\"1024\" height=\"705\" src=\"https:\/\/www.hgsempai.fr\/atelier\/wp-content\/uploads\/2021\/06\/organigramme_2e_rep-1024x705.png\" alt=\"\" class=\"wp-image-3038\" srcset=\"https:\/\/www.hgsempai.fr\/atelier\/wp-content\/uploads\/2021\/06\/organigramme_2e_rep-1024x705.png 1024w, https:\/\/www.hgsempai.fr\/atelier\/wp-content\/uploads\/2021\/06\/organigramme_2e_rep-300x206.png 300w, https:\/\/www.hgsempai.fr\/atelier\/wp-content\/uploads\/2021\/06\/organigramme_2e_rep-768x529.png 768w, https:\/\/www.hgsempai.fr\/atelier\/wp-content\/uploads\/2021\/06\/organigramme_2e_rep.png 1081w\" sizes=\"auto, (max-width: 1024px) 100vw, 1024px\" \/><\/figure>\n\n\n\n<hr class=\"wp-block-separator\"\/>\n\n\n\n<h2 class=\"wp-block-heading\">Doc. 3- Les premi\u00e8res \u00e9lections au suffrage \u00ab&nbsp;universel&nbsp;\u00bb<\/h2>\n\n\n\n<p>\u00ab&nbsp;Nous devions aller voter ensemble au bourg de Saint-Pierre, \u00e9loign\u00e9 d\u2019une lieue [<em>environ 4 km<\/em>] de notre village. Le matin de l\u2019\u00e9lection, tous les \u00e9lecteurs, c\u2019est-\u00e0-dire toute la population m\u00e2le au-dessus de 20 ans, se r\u00e9unirent devant l\u2019\u00e9glise. Tous ces hommes se mirent \u00e0 la file deux par deux, suivant l\u2019ordre alphab\u00e9tique [\u2026]. Nous ne laissions derri\u00e8re nous que les enfants et les femmes ; nous \u00e9tions en tout 170 [\u2026]. Je rappelai \u00e0 ces braves gens la gravit\u00e9 et l\u2019importance de l\u2019acte qu\u2019ils allaient faire ; je leur recommandai de ne point se laisser accoster ni d\u00e9tourner par les gens [\u2026], mais de marcher sans se d\u00e9sunir et de rester ensemble, chacun \u00e0 son rang, jusqu\u2019\u00e0 ce qu\u2019on e\u00fbt vot\u00e9 [\u2026]. Tous les votes furent donn\u00e9s en m\u00eame temps, et j\u2019ai lieu de penser qu\u2019ils le furent tous au m\u00eame candidat.&nbsp;\u00bb<\/p>\n\n\n\n<p class=\"has-text-align-right\">Alexis de Tocqueville, <em>Souvenirs de 1848<\/em>, Calmann L\u00e9vy, 1893.<\/p>\n\n\n\n<hr class=\"wp-block-separator\"\/>\n\n\n\n<h2 class=\"wp-block-heading\">Doc. 4- Les femmes et l\u2019\u00e9lection<\/h2>\n\n\n\n<p>La Constitution de 1848 a l\u00e9galement aboli les privil\u00e8ges de race, de caste et de fortune par l\u2019affranchissement des esclaves noirs, par l\u2019extinction des titres de noblesse, par la suppression du cens \u00e9lectoral. Mais le privil\u00e8ge de sexe est rest\u00e9 sous-entendu dans cette Constitution qu\u2019il sape donc dans sa base, car il est la n\u00e9gation des principes sur lesquels elle est fond\u00e9e.<\/p>\n\n\n\n<p>Jeanne Deroin dans son journal, <em>L\u2019Opinion des Femmes<\/em>, 1849.<\/p>\n\n\n\n<div class=\"wp-block-image\"><figure class=\"aligncenter size-large\"><img loading=\"lazy\" decoding=\"async\" width=\"539\" height=\"768\" src=\"https:\/\/www.hgsempai.fr\/atelier\/wp-content\/uploads\/2021\/06\/Brooklyn_Museum_-_Linsurrection_Contre_les_Maris_Est_Proclamee_le_Plus_Saint_des_Devoir_-_Honore_Daumier.jpg\" alt=\"\" class=\"wp-image-3039\" srcset=\"https:\/\/www.hgsempai.fr\/atelier\/wp-content\/uploads\/2021\/06\/Brooklyn_Museum_-_Linsurrection_Contre_les_Maris_Est_Proclamee_le_Plus_Saint_des_Devoir_-_Honore_Daumier.jpg 539w, https:\/\/www.hgsempai.fr\/atelier\/wp-content\/uploads\/2021\/06\/Brooklyn_Museum_-_Linsurrection_Contre_les_Maris_Est_Proclamee_le_Plus_Saint_des_Devoir_-_Honore_Daumier-211x300.jpg 211w\" sizes=\"auto, (max-width: 539px) 100vw, 539px\" \/><figcaption>By <a href=\"https:\/\/en.wikipedia.org\/wiki\/en:Honor%C3%A9_Daumier\">Honor\u00e9 Daumier<\/a> \u2013 <a href=\"http:\/\/www.brooklynmuseum.org\/opencollection\/objects\/156313\/Linsurrection_Contre_les_Maris_Est_Proclam%C3%A9e_le_Plus_Saint_des_Devoir%21\">Online Collection<\/a> of <a href=\"https:\/\/en.wikipedia.org\/wiki\/Brooklyn_Museum\">Brooklyn Museum<\/a>; Photo: Brooklyn Museum, 2005, 1996.225.31_PS1.jpg, Public Domain, <a href=\"https:\/\/commons.wikimedia.org\/w\/index.php?curid=14608901\">Link<\/a><\/figcaption><\/figure><\/div>\n\n\n\n<hr class=\"wp-block-separator\"\/>\n\n\n\n<h2 class=\"wp-block-heading\">Doc. 5- Un suffrage&nbsp;\u00bb universel&nbsp;\u00bb masculin limit\u00e9 en 1850<\/h2>\n\n\n\n<p>\u00ab&nbsp;Nous avons exclu cette classe d\u2019hommes dont on ne peut saisir le domicile nulle part. Il faut tout faire pour le pauvre, except\u00e9 cependant de lui donner \u00e0 d\u00e9cider les grandes questions o\u00f9 s\u2019agitent le sort et l\u2019avenir du pays [\u2026]. Mais ces hommes que nous avons exclus, sont-ce les pauvres ? Non, ce n\u2019est pas le pauvre, c\u2019est le vagabond. Ce sont ces hommes qui forment, non pas le fond, mais la partie dangereuse des grandes populations agglom\u00e9r\u00e9es ; ce sont ces hommes qui m\u00e9ritent ce titre, l\u2019un des plus fl\u00e9tris de l\u2019histoire, entendez-vous, le titre de multitude. Les vrais r\u00e9publicains redoutent la multitude, la vile multitude, qui a perdu toutes les r\u00e9publiques. [\u2026] \u00bb<\/p>\n\n\n\n<p class=\"has-text-align-right\">Adolphe Thiers, discours prononc\u00e9 le 24 mai 1850 \u00e0 l\u2019Assembl\u00e9e l\u00e9gislative (extraits)<\/p>\n\n\n\n<hr class=\"wp-block-separator\"\/>\n\n\n\n<h4 class=\"wp-block-heading\">En vous aidant des informations contenues dans les documents et du <a href=\"http:\/\/www.hgsempai.fr\/s112\/?p=3208\">vocabulaire<\/a>, expliquez pourquoi on peut dire que le vote est \u00e9largi, c\u2019est-\u00e0-dire qu\u2019il se d\u00e9veloppe sous la ll<sup>e<\/sup> R\u00e9publique (1848 \u2013 1852).<\/h4>\n\n\n\n<hr class=\"wp-block-separator\"\/>\n\n\n\n<h4 class=\"wp-block-heading\">Aide \u00e0 l\u2019analyse:<\/h4>\n\n\n\n<p><strong>Doc. 1- Le d\u00e9cret de mars 1848.<\/strong><\/p>\n\n\n\n<ul class=\"wp-block-list\"><li>Quelles sont les changements introduits par ce d\u00e9cret?<\/li><li>Expliquez l\u2019importance de l\u2019article 8?<\/li><li>O\u00f9 doivent voter les \u00e9lecteurs?<\/li><\/ul>\n\n\n\n<p><strong>Doc. 2- Voter sous la ll<sup>e<\/sup> R\u00e9publique<\/strong><\/p>\n\n\n\n<ul class=\"wp-block-list\"><li>Qui votent sous la ll<sup>e<\/sup> R\u00e9publique?<\/li><\/ul>\n\n\n\n<p><strong>Doc. 3- Les premi\u00e8res \u00e9lections au suffrage \u00ab&nbsp;universel&nbsp;\u00bb<\/strong><\/p>\n\n\n\n<ul class=\"wp-block-list\"><li>Qui ne prend part au vote?<\/li><li>Relevez trois expressions qui montrent que le vote est une pratique collective.<\/li><\/ul>\n\n\n\n<p><strong>Doc. 4- Les femmes et l\u2019\u00e9lection<\/strong><\/p>\n\n\n\n<ul class=\"wp-block-list\"><li>Qui est l\u2019auteur de ce texte?<\/li><li>Que d\u00e9nonce l\u2019auteur de ce texte<\/li><li>Comment Daumier, l\u2019auteur de la caricature, illustre-t-il ce point de vue?<\/li><\/ul>\n\n\n\n<p><strong>Doc. 5- Un suffrage&nbsp;\u00bb universel&nbsp;\u00bb masculin limit\u00e9 en 1850<\/strong><\/p>\n\n\n\n<ul class=\"wp-block-list\"><li>Expliquez le titre du document.<\/li><\/ul>\n","protected":false},"excerpt":{"rendered":"<p>En f\u00e9vrier 1848, une r\u00e9volution \u00e0 Paris renverse Louis-Philippe et proclame la lle R\u00e9publique. Doc. 1- Le d\u00e9cret de mars 1848. Le gouvernement provisoire de la R\u00e9publique, Voulant remettre le plus t\u00f4t&#46;&#46;&#46;<\/p>\n","protected":false},"author":1,"featured_media":3038,"comment_status":"open","ping_status":"open","sticky":false,"template":"","format":"standard","meta":{"footnotes":""},"categories":[165],"tags":[549,551,338,717,544],"class_list":["post-3037","post","type-post","status-publish","format-standard","has-post-thumbnail","hentry","category-histoire","tag-549","tag-551","tag-4h3l1","tag-seconde-republique","tag-voter"],"_links":{"self":[{"href":"https:\/\/www.hgsempai.fr\/atelier\/index.php?rest_route=\/wp\/v2\/posts\/3037","targetHints":{"allow":["GET"]}}],"collection":[{"href":"https:\/\/www.hgsempai.fr\/atelier\/index.php?rest_route=\/wp\/v2\/posts"}],"about":[{"href":"https:\/\/www.hgsempai.fr\/atelier\/index.php?rest_route=\/wp\/v2\/types\/post"}],"author":[{"embeddable":true,"href":"https:\/\/www.hgsempai.fr\/atelier\/index.php?rest_route=\/wp\/v2\/users\/1"}],"replies":[{"embeddable":true,"href":"https:\/\/www.hgsempai.fr\/atelier\/index.php?rest_route=%2Fwp%2Fv2%2Fcomments&post=3037"}],"version-history":[{"count":1,"href":"https:\/\/www.hgsempai.fr\/atelier\/index.php?rest_route=\/wp\/v2\/posts\/3037\/revisions"}],"predecessor-version":[{"id":3040,"href":"https:\/\/www.hgsempai.fr\/atelier\/index.php?rest_route=\/wp\/v2\/posts\/3037\/revisions\/3040"}],"wp:featuredmedia":[{"embeddable":true,"href":"https:\/\/www.hgsempai.fr\/atelier\/index.php?rest_route=\/wp\/v2\/media\/3038"}],"wp:attachment":[{"href":"https:\/\/www.hgsempai.fr\/atelier\/index.php?rest_route=%2Fwp%2Fv2%2Fmedia&parent=3037"}],"wp:term":[{"taxonomy":"category","embeddable":true,"href":"https:\/\/www.hgsempai.fr\/atelier\/index.php?rest_route=%2Fwp%2Fv2%2Fcategories&post=3037"},{"taxonomy":"post_tag","embeddable":true,"href":"https:\/\/www.hgsempai.fr\/atelier\/index.php?rest_route=%2Fwp%2Fv2%2Ftags&post=3037"}],"curies":[{"name":"wp","href":"https:\/\/api.w.org\/{rel}","templated":true}]}}