{"id":2973,"date":"2021-05-26T18:00:00","date_gmt":"2021-05-26T18:00:00","guid":{"rendered":"http:\/\/www.hgsempai.fr\/atelier\/?p=2973"},"modified":"2021-05-27T05:25:28","modified_gmt":"2021-05-27T05:25:28","slug":"jacques-cartier-a-la-decouverte-du-nouveau-monde","status":"publish","type":"post","link":"https:\/\/www.hgsempai.fr\/atelier\/?p=2973","title":{"rendered":"Jacques Cartier \u00e0 la d\u00e9couverte du nouveau monde"},"content":{"rendered":"\n<p>Activit\u00e9 reprise d\u2019un travail initial de<a href=\"https:\/\/sallechristophecolomb.wordpress.com\/h3sth1-le-monde-au-temps-de-charles-quint-et-soliman-le-magnifique\/\"> Fabien Joubert<\/a><\/p>\n\n\n\n<h2 class=\"wp-block-heading\">Doc. 1- Jacques Cartier<\/h2>\n\n\n\n<p>Jacques Cartier (\u00ab Iacques Quartier \u00bb) est un navigateur, explorateur fran\u00e7ais et \u00e9crivain par ses r\u00e9cits de voyage. N\u00e9 en 1492 \u00e0 Saint-Malo, il y meurt le 1er septembre 1557.<\/p>\n\n\n\n<p>Auteur de cartes ayant permis l\u2019apparition du golfe du Saint-Laurent sur les repr\u00e9sentations du globe, Cartier, par ses relations, est le premier Europ\u00e9en \u00e0 d\u00e9crire et nommer ces eaux, leurs rives et leurs habitants, et le territoire visit\u00e9 sous le nom iroquois Canada (groupe de cabanes).<\/p>\n\n\n\n<div class=\"wp-block-image\"><figure class=\"aligncenter size-large\"><img loading=\"lazy\" decoding=\"async\" width=\"446\" height=\"599\" src=\"https:\/\/www.hgsempai.fr\/atelier\/wp-content\/uploads\/2021\/05\/446px-Jacques_Cartier_1851-1852.png\" alt=\"\" class=\"wp-image-2974\" srcset=\"https:\/\/www.hgsempai.fr\/atelier\/wp-content\/uploads\/2021\/05\/446px-Jacques_Cartier_1851-1852.png 446w, https:\/\/www.hgsempai.fr\/atelier\/wp-content\/uploads\/2021\/05\/446px-Jacques_Cartier_1851-1852-223x300.png 223w\" sizes=\"auto, (max-width: 446px) 100vw, 446px\" \/><figcaption>Par <a href=\"http:\/\/www.bac-lac.gc.ca\/eng\/collectionsearch\/Pages\/collectionsearch.aspx?q=jacques+cartier&amp;DataSource=Images\">Library and Archives Canada<\/a>, Domaine public, <a href=\"https:\/\/commons.wikimedia.org\/w\/index.php?curid=23798\">Lien<\/a><\/figcaption><\/figure><\/div>\n\n\n\n<h2 class=\"wp-block-heading\">Doc. 2- Jacques Cartier et Fran\u00e7ois 1<sup>er<\/sup><\/h2>\n\n\n\n<p>\u00ab Le trait\u00e9 de Tordesillas (1494) qui attribuait l\u2019Am\u00e9rique du Nord \u00e0 l\u2019Espagne ne pouvait raisonnablement priver pour l\u2019\u00e9ternit\u00e9 les autres nations europ\u00e9ennes du \u00ab g\u00e2teau \u00bb am\u00e9ricain. L\u2019Angleterre et la France, qui n\u2019avaient jamais accept\u00e9 cet \u00e9tat de fait, se lanc\u00e8rent donc dans l\u2019aventure, et prirent le contr\u00f4le en quelques d\u00e9cennies de la partie [nord] du nouveau continent. C\u2019est le Fran\u00e7ais Jacques Cartier, mandat\u00e9 par Fran\u00e7ois1<sup>er<\/sup>, qui monta en 1534 la premi\u00e8re v\u00e9ritable exp\u00e9dition en Am\u00e9rique du Nord. Sa mission : se rendre \u00ab&nbsp;de ce royaume en Terres Neuves pour d\u00e9couvrir certaines \u00eeles et pays o\u00f9 l\u2019on dit qu\u2019il doit trouver grande quantit\u00e9 d\u2019or et autres riches choses&nbsp;\u00bb. En, 1535, une seconde exp\u00e9dition remonta le Saint Laurent jusqu\u2019au village indien de Stadacona (actuel Qu\u00e9bec) puis jusqu\u2019\u00e0 celui de Hochelaga (actuel Montr\u00e9al). \u00bb<\/p>\n\n\n\n<p>Marcel Dorigny, \u00ab L\u2019Europe du Nord cherche son Am\u00e9rique \u00bb dans L\u2019histoire de l\u2019Occident. Hors-S\u00e9rie Le Monde-La Vie, 2016, p. 66.<\/p>\n\n\n\n<h2 class=\"wp-block-heading\">Doc. 3- Les exp\u00e9ditions de Jacques Cartier<\/h2>\n\n\n\n<div class=\"wp-block-image\"><figure class=\"aligncenter\"><a href=\"http:\/\/www.hgsempai.fr\/carto\/wp-content\/uploads\/2018\/05\/cartier2.png\"><img decoding=\"async\" src=\"http:\/\/www.hgsempai.fr\/carto\/wp-content\/uploads\/2018\/05\/cartier2-187x300.png\" alt=\"\" class=\"wp-image-903\"\/><\/a><\/figure><\/div>\n\n\n\n<h2 class=\"wp-block-heading\">Doc. 4- Jacques Cartier et la rencontre des peuples d\u2019Am\u00e9rique du Nord<\/h2>\n\n\n\n<p>\u00ab Parce que le jour \u00e9tait bien avanc\u00e9 et que nous n\u2019avions ni bu ni mang\u00e9 de cette journ\u00e9e, nous d\u00e9cid\u00e2mes de retourner \u00e0 nos barques, et nous v\u00eenmes l\u00e0 o\u00f9 nous trouv\u00e2mes un grand nombre de gens s\u2019\u00e9levant \u00e0 400 personnes ou environ, lesquelles semblaient nous faire tr\u00e8s grande ch\u00e8re [accueil] et se r\u00e9jouir de notre arriv\u00e9e.<\/p>\n\n\n\n<p>En cons\u00e9quence notre capitaine donna \u00e0 chacun d\u2019eux certaines petites besognes [articles], comme peignes, \u00e9pingles d\u2019\u00e9tain et de laiton et autres menues pacotilles et \u00e0 chacun des chefs sa hachette et son hame\u00e7on ; sur quoi ils pouss\u00e8rent des cris et firent des c\u00e9r\u00e9monies de joie. \u00ab<\/p>\n\n\n\n<p>D\u2019apr\u00e8s H.P. Biggar, Publications of the Public Archives of Canada, Ottawa, 1924.<\/p>\n\n\n\n<h2 class=\"wp-block-heading\">Doc. 5- Jacques Cartier et l\u2019\u00e9vang\u00e9lisation des indiens<\/h2>\n\n\n\n<p>\u00ab Au milieu de ces campagnes est situ\u00e9e ladite ville d\u2019Hochelaga, tout pr\u00e8s d\u2019une montagne qui est, tout autour, labour\u00e9e et fort fertile, de sur laquelle on voit fort loin. Ce peuple [les Indiens] n\u2019a aucune croyance en Dieu qui vaille ; car ils croient en un dieu qu\u2019ils appellent Cudouagny ; et ils disent qu\u2019il leur parle souvent, et leur dit le temps qu\u2019il doit faire. Ils disent aussi que, quand il se courrouce<sup>1<\/sup>, il leur jette de la terre aux yeux. Nous leur avons montr\u00e9 leur erreur\u2026 ce qu\u2019ils ont cru facilement tellement qu\u2019ils ont pri\u00e9 le capitaine de les faire baptiser.<\/p>\n\n\n\n<p>D\u2019apr\u00e8s le r\u00e9cit fait par Jacques Cartier lors de son deuxi\u00e8me voyage, 1535-1536.<\/p>\n\n\n\n<p>1- Il devient furieux.<\/p>\n\n\n\n<hr class=\"wp-block-separator\"\/>\n\n\n\n<h4 class=\"wp-block-heading\">QUESTIONS:<\/h4>\n\n\n\n<p>1. Qui est Jacques Cartier ?<br>2. Quelle r\u00e9gion du monde explore-t-il ? Pour le compte de qui ? Pourquoi ?<br>3. Quelles relations \u00e9tablit-il avec les indiens d\u2019Am\u00e9rique ? Quelle politique religieuse m\u00e8ne-t-il ?<\/p>\n\n\n\n<hr class=\"wp-block-separator\"\/>\n\n\n\n<figure class=\"wp-block-embed is-type-video is-provider-youtube wp-block-embed-youtube wp-embed-aspect-4-3 wp-has-aspect-ratio\"><div class=\"wp-block-embed__wrapper\">\n<div class=\"video-container\"><iframe loading=\"lazy\" title=\"Quelle Aventure : A la d\u00e9couverte du nouveau monde\" width=\"500\" height=\"375\" src=\"https:\/\/www.youtube.com\/embed\/-J3xjdAjU-8?feature=oembed&#038;wmode=opaque\" frameborder=\"0\" allow=\"accelerometer; autoplay; clipboard-write; encrypted-media; gyroscope; picture-in-picture; web-share\" referrerpolicy=\"strict-origin-when-cross-origin\" allowfullscreen><\/iframe><\/div>\n<\/div><\/figure>\n\n\n\n<h3 class=\"wp-block-heading\">Pour aller plus loin<\/h3>\n","protected":false},"excerpt":{"rendered":"<p>Activit\u00e9 reprise d\u2019un travail initial de Fabien Joubert Doc. 1- Jacques Cartier Jacques Cartier (\u00ab Iacques Quartier \u00bb) est un navigateur, explorateur fran\u00e7ais et \u00e9crivain par ses r\u00e9cits de voyage. N\u00e9 en&#46;&#46;&#46;<\/p>\n","protected":false},"author":1,"featured_media":2974,"comment_status":"open","ping_status":"open","sticky":false,"template":"","format":"standard","meta":{"footnotes":""},"categories":[165],"tags":[377,705,694,706],"class_list":["post-2973","post","type-post","status-publish","format-standard","has-post-thumbnail","hentry","category-histoire","tag-5h3l1","tag-cartier","tag-decouvertes","tag-nouveau-monde"],"_links":{"self":[{"href":"https:\/\/www.hgsempai.fr\/atelier\/index.php?rest_route=\/wp\/v2\/posts\/2973","targetHints":{"allow":["GET"]}}],"collection":[{"href":"https:\/\/www.hgsempai.fr\/atelier\/index.php?rest_route=\/wp\/v2\/posts"}],"about":[{"href":"https:\/\/www.hgsempai.fr\/atelier\/index.php?rest_route=\/wp\/v2\/types\/post"}],"author":[{"embeddable":true,"href":"https:\/\/www.hgsempai.fr\/atelier\/index.php?rest_route=\/wp\/v2\/users\/1"}],"replies":[{"embeddable":true,"href":"https:\/\/www.hgsempai.fr\/atelier\/index.php?rest_route=%2Fwp%2Fv2%2Fcomments&post=2973"}],"version-history":[{"count":2,"href":"https:\/\/www.hgsempai.fr\/atelier\/index.php?rest_route=\/wp\/v2\/posts\/2973\/revisions"}],"predecessor-version":[{"id":2989,"href":"https:\/\/www.hgsempai.fr\/atelier\/index.php?rest_route=\/wp\/v2\/posts\/2973\/revisions\/2989"}],"wp:featuredmedia":[{"embeddable":true,"href":"https:\/\/www.hgsempai.fr\/atelier\/index.php?rest_route=\/wp\/v2\/media\/2974"}],"wp:attachment":[{"href":"https:\/\/www.hgsempai.fr\/atelier\/index.php?rest_route=%2Fwp%2Fv2%2Fmedia&parent=2973"}],"wp:term":[{"taxonomy":"category","embeddable":true,"href":"https:\/\/www.hgsempai.fr\/atelier\/index.php?rest_route=%2Fwp%2Fv2%2Fcategories&post=2973"},{"taxonomy":"post_tag","embeddable":true,"href":"https:\/\/www.hgsempai.fr\/atelier\/index.php?rest_route=%2Fwp%2Fv2%2Ftags&post=2973"}],"curies":[{"name":"wp","href":"https:\/\/api.w.org\/{rel}","templated":true}]}}