{"id":2966,"date":"2021-05-24T18:00:00","date_gmt":"2021-05-24T18:00:00","guid":{"rendered":"http:\/\/www.hgsempai.fr\/atelier\/?p=2966"},"modified":"2021-05-22T10:16:44","modified_gmt":"2021-05-22T10:16:44","slug":"lexpedition-de-magellan","status":"publish","type":"post","link":"https:\/\/www.hgsempai.fr\/atelier\/?p=2966","title":{"rendered":"L\u2019exp\u00e9dition de Magellan"},"content":{"rendered":"\n<blockquote class=\"wp-block-quote is-layout-flow wp-block-quote-is-layout-flow\"><p>Activit\u00e9 reprise d\u2019un travail initial de<a href=\"https:\/\/sallechristophecolomb.wordpress.com\/h3sth1-le-monde-au-temps-de-charles-quint-et-soliman-le-magnifique\/\"> Fabien Joubert<\/a><\/p><\/blockquote>\n\n\n\n<h1 class=\"wp-block-heading\">Doc. 1-Magellan<\/h1>\n\n\n\n<p><em><strong>Fernand de Magellan (Fern\u00e3o de Magalh\u00e3es en portugais, Fernando de Magallanes en castillan), n\u00e9 dans le Nord du Portugal aux environs de 1480 et mort sur l\u2019\u00eele de Mactan aux Philippines le 27 avril 1521, est un navigateur et explorateur portugais de l\u2019\u00e9poque des Grandes d\u00e9couvertes. Il est connu pour \u00eatre \u00e0 l\u2019origine de la premi\u00e8re circumnavigation de l\u2019histoire \u2014 achev\u00e9e en septembre 1522 sous les ordres de Juan Sebasti\u00e1n Elcano apr\u00e8s trois ans de voyage \u2014 en ayant navigu\u00e9 vers l\u2019ouest pour rejoindre les Moluques, d\u00e9couvrant sur son chemin le d\u00e9troit qui porte son nom aujourd\u2019hui.<\/strong><\/em><\/p>\n\n\n\n<div class=\"wp-block-image\"><figure class=\"aligncenter\"><a href=\"ttps:\/\/upload.wikimedia.org\/wikipedia\/commons\/9\/9c\/Ferdinand_Magellan.jpg\"><img decoding=\"async\" src=\"https:\/\/upload.wikimedia.org\/wikipedia\/commons\/9\/9c\/Ferdinand_Magellan.jpg\" alt=\"Description de cette image, \u00e9galement comment\u00e9e ci-apr\u00e8s\"\/><\/a><figcaption>Par Inconnu \u2014 Inconnu, Domaine public, <a href=\"https:\/\/commons.wikimedia.org\/w\/index.php?curid=44265\">Lien<\/a><\/figcaption><\/figure><\/div>\n\n\n\n<h2 class=\"wp-block-heading\">Doc. 2- Le voyage de \u00ab&nbsp;Magellan&nbsp;\u00bb<\/h2>\n\n\n\n<div class=\"wp-block-image\"><figure class=\"aligncenter size-large\"><img loading=\"lazy\" decoding=\"async\" width=\"688\" height=\"696\" src=\"https:\/\/www.hgsempai.fr\/atelier\/wp-content\/uploads\/2021\/05\/magellan.png\" alt=\"\" class=\"wp-image-2967\" srcset=\"https:\/\/www.hgsempai.fr\/atelier\/wp-content\/uploads\/2021\/05\/magellan.png 688w, https:\/\/www.hgsempai.fr\/atelier\/wp-content\/uploads\/2021\/05\/magellan-297x300.png 297w, https:\/\/www.hgsempai.fr\/atelier\/wp-content\/uploads\/2021\/05\/magellan-80x80.png 80w\" sizes=\"auto, (max-width: 688px) 100vw, 688px\" \/><\/figure><\/div>\n\n\n\n<h2 class=\"wp-block-heading\">Doc. 3- Magellan et Charles Quint<\/h2>\n\n\n\n<p>\u00ab Fernand de Magellan quitta le Portugal et partit pour le royaume de Castille o\u00f9 r\u00e9gnait Charles Quint auquel il fit part de ses id\u00e9es sur la conqu\u00eate des Moluques<sup>1<\/sup> et sur leur situation exacte ; ce qui \u00e9tant bien compris par l\u2019empereur et son Conseil, l\u2019empereur ordonna que lui fussent donn\u00e9s cinq navires d\u00fbment arm\u00e9s et \u00e9quip\u00e9s, gr\u00e2ce auxquels Fernand de Magellan p\u00fbt d\u00e9couvrir l\u2019itin\u00e9raire le plus commode pour atteindre les Moluques. \u00bb<\/p>\n\n\n\n<p>Fernando de Oliveira, Manuscrit de Leyde (r\u00e9cit du voyage de Magellan), v. 1560.<\/p>\n\n\n\n<p>1- \u00celes de l\u2019Indon\u00e9sie riches en \u00e9pices.<\/p>\n\n\n\n<h2 class=\"wp-block-heading\">Doc. 4- Un t\u00e9moignage sur l\u2019exp\u00e9dition<\/h2>\n\n\n\n<p>\u00ab Le mercredi 28 novembre, nous sort\u00eemes du d\u00e9troit pour entrer dans la grande mer, \u00e0 laquelle nous donn\u00e2mes ensuite le nom de mer Pacifique. Nous navigu\u00e2mes pendant trois mois et vingt jours sans go\u00fbter d\u2019aucune nourriture fra\u00eeche. Le biscuit que nous mangions n\u2019\u00e9tait plus du pain mais une poussi\u00e8re m\u00eal\u00e9e de vers et impr\u00e9gn\u00e9e d\u2019urine de souris. L\u2019eau que nous \u00e9tions oblig\u00e9s de boire \u00e9tait putride et puante. Nous f\u00fbmes m\u00eames contraints, pour ne pas mourir de faim, de manger des morceaux de cuir qui \u00e9taient si durs qu\u2019il fallait les tremper quatre \u00e0 cinq jours dans la mer pour les rendre un peu tendres. Notre plus grand malheur \u00e9tait de nous voir attaqu\u00e9s d\u2019une esp\u00e8ce de maladie (le scorbut) par laquelle les gencives se gonflaient au point de surmonter les dents. Et ceux qui en \u00e9taient attaqu\u00e9s ne pouvaient prendre aucune nourriture. Dix-neuf d\u2019entre nous en moururent. \u00bb<\/p>\n\n\n\n<p class=\"has-text-align-right\">Antonio Pigafetta (membre de l\u2019exp\u00e9dition de Magellan), Journal de bord, publi\u00e9 en 1526.<\/p>\n\n\n\n<h2 class=\"wp-block-heading\">Doc. 5- Elcano rend compte de l\u2019exp\u00e9dition \u00e0 Charles Quint<\/h2>\n\n\n\n<p>\u00ab Votre majest\u00e9 daigne apprendre que nous sommes rentr\u00e9s 18 hommes avec un seul des cinq navires que votre majest\u00e9 avait envoy\u00e9s sous le commandement du capitaine Magellan, de glorieuse m\u00e9moire. Que votre majest\u00e9 sache que nous avons trouv\u00e9 le camphre, la cannelle et les perles. Qu\u2019elle daigne estimer \u00e0 sa valeur que nous avons fait le tour de la terre et que, partis vers l\u2019ouest, nous revenons vers l\u2019est. \u00bb<\/p>\n\n\n\n<p class=\"has-text-align-right\">Lettre de S\u00e9bastien Elcano \u00e0 Charles Quint, roi d\u2019Espagne, 7 septembre 1522<\/p>\n\n\n\n<hr class=\"wp-block-separator\"\/>\n\n\n\n<h4 class=\"wp-block-heading\">QUESTIONS:<\/h4>\n\n\n\n<ol class=\"wp-block-list\"><li>Que fournit Charles Quint \u00e0 Magellan ?<\/li><li>Que rapportent les hommes qui participent \u00e0 cette exp\u00e9dition \u00e0 Charles Quint ?<\/li><li>Pourquoi pouvez-vous affirmer que cette exp\u00e9dition contribue \u00e0 ouvrir les Europ\u00e9ens au monde<br>et que prouve-t-elle d\u00e9finitivement ?<\/li><\/ol>\n\n\n\n<hr class=\"wp-block-separator\"\/>\n\n\n\n<h4 class=\"wp-block-heading\">POUR ALLER PLUS LOIN\u2026<\/h4>\n\n\n\n<iframe loading=\"lazy\" src=\"\/\/www.dailymotion.com\/embed\/video\/x13bc1j\" allowfullscreen=\"allowfullscreen\" width=\"480\" height=\"270\" frameborder=\"0\"><\/iframe>\n\n\n\n<iframe loading=\"lazy\" src=\"\/\/www.dailymotion.com\/embed\/video\/x137oka\" allowfullscreen=\"allowfullscreen\" width=\"480\" height=\"270\" frameborder=\"0\"><\/iframe>\n\n\n\n<h4 class=\"wp-block-heading\">\u2026 ET AUTREMENT\u2026<\/h4>\n\n\n\n<figure class=\"wp-block-embed is-type-video is-provider-youtube wp-block-embed-youtube wp-embed-aspect-16-9 wp-has-aspect-ratio\"><div class=\"wp-block-embed__wrapper\">\n<div class=\"video-container\"><iframe loading=\"lazy\" title=\"5\u00e8me - Hist - L&#039;expe\u0301dition Magellan\" width=\"500\" height=\"281\" src=\"https:\/\/www.youtube.com\/embed\/C_m_UDBgu5g?feature=oembed&#038;wmode=opaque\" frameborder=\"0\" allow=\"accelerometer; autoplay; clipboard-write; encrypted-media; gyroscope; picture-in-picture; web-share\" referrerpolicy=\"strict-origin-when-cross-origin\" allowfullscreen><\/iframe><\/div>\n<\/div><\/figure>\n\n\n\n<p class=\"has-text-align-center\">capsule \u00e0 retrouver sur la chaine de Val\u00e9rie PESTRE<\/p>\n","protected":false},"excerpt":{"rendered":"<p>Activit\u00e9 reprise d\u2019un travail initial de Fabien Joubert Doc. 1-Magellan Fernand de Magellan (Fern\u00e3o de Magalh\u00e3es en portugais, Fernando de Magallanes en castillan), n\u00e9 dans le Nord du Portugal aux environs de&#46;&#46;&#46;<\/p>\n","protected":false},"author":1,"featured_media":2967,"comment_status":"open","ping_status":"open","sticky":false,"template":"","format":"standard","meta":{"footnotes":""},"categories":[165],"tags":[377,704,693],"class_list":["post-2966","post","type-post","status-publish","format-standard","has-post-thumbnail","hentry","category-histoire","tag-5h3l1","tag-magellan","tag-xvie"],"_links":{"self":[{"href":"https:\/\/www.hgsempai.fr\/atelier\/index.php?rest_route=\/wp\/v2\/posts\/2966","targetHints":{"allow":["GET"]}}],"collection":[{"href":"https:\/\/www.hgsempai.fr\/atelier\/index.php?rest_route=\/wp\/v2\/posts"}],"about":[{"href":"https:\/\/www.hgsempai.fr\/atelier\/index.php?rest_route=\/wp\/v2\/types\/post"}],"author":[{"embeddable":true,"href":"https:\/\/www.hgsempai.fr\/atelier\/index.php?rest_route=\/wp\/v2\/users\/1"}],"replies":[{"embeddable":true,"href":"https:\/\/www.hgsempai.fr\/atelier\/index.php?rest_route=%2Fwp%2Fv2%2Fcomments&post=2966"}],"version-history":[{"count":2,"href":"https:\/\/www.hgsempai.fr\/atelier\/index.php?rest_route=\/wp\/v2\/posts\/2966\/revisions"}],"predecessor-version":[{"id":2969,"href":"https:\/\/www.hgsempai.fr\/atelier\/index.php?rest_route=\/wp\/v2\/posts\/2966\/revisions\/2969"}],"wp:featuredmedia":[{"embeddable":true,"href":"https:\/\/www.hgsempai.fr\/atelier\/index.php?rest_route=\/wp\/v2\/media\/2967"}],"wp:attachment":[{"href":"https:\/\/www.hgsempai.fr\/atelier\/index.php?rest_route=%2Fwp%2Fv2%2Fmedia&parent=2966"}],"wp:term":[{"taxonomy":"category","embeddable":true,"href":"https:\/\/www.hgsempai.fr\/atelier\/index.php?rest_route=%2Fwp%2Fv2%2Fcategories&post=2966"},{"taxonomy":"post_tag","embeddable":true,"href":"https:\/\/www.hgsempai.fr\/atelier\/index.php?rest_route=%2Fwp%2Fv2%2Ftags&post=2966"}],"curies":[{"name":"wp","href":"https:\/\/api.w.org\/{rel}","templated":true}]}}