{"id":2963,"date":"2021-05-23T18:00:00","date_gmt":"2021-05-23T18:00:00","guid":{"rendered":"http:\/\/www.hgsempai.fr\/atelier\/?p=2963"},"modified":"2021-05-22T10:04:31","modified_gmt":"2021-05-22T10:04:31","slug":"vasco-de-gama-atteindre-lasie-par-lest","status":"publish","type":"post","link":"https:\/\/www.hgsempai.fr\/atelier\/?p=2963","title":{"rendered":"Vasco de Gama : atteindre l\u2019Asie par l\u2019est."},"content":{"rendered":"\n<h2 class=\"wp-block-heading\">Doc. 1- Vasco de Gama<\/h2>\n\n\n\n<p><em><strong>Vasco da Gama (en portugais), commun\u00e9ment francis\u00e9 en Vasco de Gama, n\u00e9 en 1469 \u00e0 Sines au Portugal et mort le 24 d\u00e9cembre 1524 \u00e0 Cochin aux Indes, est un grand navigateur portugais, traditionnellement consid\u00e9r\u00e9 comme le premier Europ\u00e9en \u00e0 arriver aux Indes par voie maritime en contournant le cap de Bonne-Esp\u00e9rance, en 1498.<\/strong><\/em><\/p>\n\n\n\n<div class=\"wp-block-image\"><figure class=\"aligncenter\"><a href=\"https:\/\/upload.wikimedia.org\/wikipedia\/commons\/8\/8d\/Vasco_da_Gama_-_1838.png\"><img decoding=\"async\" src=\"https:\/\/upload.wikimedia.org\/wikipedia\/commons\/8\/8d\/Vasco_da_Gama_-_1838.png\" alt=\"image illustrative de l\u2019article Vasco de Gama\"\/><\/a><\/figure><\/div>\n\n\n\n<p><br>Par Suid-Afrikaanse Geskiedenis in Beeld (1989). Anthony Preston. Bion Books: Printed in South Africa., Domaine public, <a href=\"https:\/\/commons.wikimedia.org\/w\/index.php?curid=3737175\">Lien<\/a><\/p>\n\n\n\n<h2 class=\"wp-block-heading\">Doc. 2- Le port de Lisbonne au XVl<sup>e<\/sup> si\u00e8cle.<\/h2>\n\n\n\n<div class=\"wp-block-image\"><figure class=\"aligncenter\"><a href=\"ttps:\/\/upload.wikimedia.org\/wikipedia\/commons\/8\/82\/Theodore_de_Bry_harbour_scene_1593.png&quot;\"><img decoding=\"async\" src=\"https:\/\/upload.wikimedia.org\/wikipedia\/commons\/8\/82\/Theodore_de_Bry_harbour_scene_1593.png\" alt=\"Theodore de Bry harbour scene 1593.png\"\/><\/a><figcaption><br>By <a href=\"https:\/\/en.wikipedia.org\/wiki\/Theodore_de_Bry\">Theodore de Bry<\/a> (1528-1598) \u2013 From <a href=\"https:\/\/en.wikipedia.org\/wiki\/Theodore_de_Bry\">Theodore de Bry<\/a> (1528-1598), Americae Tertia Pars \u2026 (=Dritte Buch Americae, darinn Brasilia durch Johann Staden auss eigener Erfahrung in teutsch beschrieben., Frankfurt 1593, p.1. Digitalized online at Library of Congress <a href=\"http:\/\/international.loc.gov\/cgi-bin\/ampage?collId=rbdk&amp;fileName=d0321\/rbdkd0321.db&amp;recNum=227\">[1]<\/a>., Public Domain, <a href=\"https:\/\/commons.wikimedia.org\/w\/index.php?curid=14616302\">Link<\/a><\/figcaption><\/figure><\/div>\n\n\n\n<h2 class=\"wp-block-heading\">Doc. 3- Le voyage de Vasco de Gama<\/h2>\n\n\n\n<div class=\"wp-block-image\"><figure class=\"aligncenter size-large\"><img loading=\"lazy\" decoding=\"async\" width=\"688\" height=\"505\" src=\"https:\/\/www.hgsempai.fr\/atelier\/wp-content\/uploads\/2021\/05\/vasco.png\" alt=\"\" class=\"wp-image-2964\" srcset=\"https:\/\/www.hgsempai.fr\/atelier\/wp-content\/uploads\/2021\/05\/vasco.png 688w, https:\/\/www.hgsempai.fr\/atelier\/wp-content\/uploads\/2021\/05\/vasco-300x220.png 300w\" sizes=\"auto, (max-width: 688px) 100vw, 688px\" \/><\/figure><\/div>\n\n\n\n<h2 class=\"wp-block-heading\">Doc. 4- La ville de Calicut<\/h2>\n\n\n\n<p><em><strong>Cette contr\u00e9e de Calicut, appel\u00e9e l\u2019Inde sup\u00e9rieure, est celle d\u2019o\u00f9 viennent les \u00e9pices qui se consomment au [\u2026] Portugal et m\u00eame dans tous les quartiers du monde ; c\u2019est \u00e9galement de la ville appel\u00e9e Calicut qu\u2019on tire maintes pierres pr\u00e9cieuses de toutes sortes. La m\u00eame cit\u00e9 produit sur son propre territoire les \u00e9pices suivantes : quantit\u00e9 de gingembre, de poivre et de cannelle [\u2026]. Toute cette cannelle vient s\u2019entreposer dans cette cit\u00e9 de Calicut, et dans une \u00eele nomm\u00e9e Melequa [Malacca] qui lui fournit le clou de girofle.\u00bb<\/strong><\/em><\/p>\n\n\n\n<p>Vasco da Gama, Journal de voyage, 1497, trad. A. Morelet, Lyon, Louis Perrin, 1864, p. 69-70.<\/p>\n\n\n\n<hr class=\"wp-block-separator\"\/>\n\n\n\n<h4 class=\"wp-block-heading\">QUESTIONS:<\/h4>\n\n\n\n<ol class=\"wp-block-list\"><li>Qui est Vasco de Gama?<\/li><li>Pourquoi les Portugais veulent-ils aller en Inde?<\/li><li>Qu\u2019esp\u00e8rent-ils en r\u00e9cup\u00e9rer comme profit?<\/li><\/ol>\n","protected":false},"excerpt":{"rendered":"<p>Doc. 1- Vasco de Gama Vasco da Gama (en portugais), commun\u00e9ment francis\u00e9 en Vasco de Gama, n\u00e9 en 1469 \u00e0 Sines au Portugal et mort le 24 d\u00e9cembre 1524 \u00e0 Cochin aux&#46;&#46;&#46;<\/p>\n","protected":false},"author":1,"featured_media":2964,"comment_status":"open","ping_status":"open","sticky":false,"template":"","format":"standard","meta":{"footnotes":""},"categories":[165],"tags":[377,702,703,701,700,693],"class_list":["post-2963","post","type-post","status-publish","format-standard","has-post-thumbnail","hentry","category-histoire","tag-5h3l1","tag-indes","tag-portugal","tag-vasco-de-gama","tag-xve","tag-xvie"],"_links":{"self":[{"href":"https:\/\/www.hgsempai.fr\/atelier\/index.php?rest_route=\/wp\/v2\/posts\/2963","targetHints":{"allow":["GET"]}}],"collection":[{"href":"https:\/\/www.hgsempai.fr\/atelier\/index.php?rest_route=\/wp\/v2\/posts"}],"about":[{"href":"https:\/\/www.hgsempai.fr\/atelier\/index.php?rest_route=\/wp\/v2\/types\/post"}],"author":[{"embeddable":true,"href":"https:\/\/www.hgsempai.fr\/atelier\/index.php?rest_route=\/wp\/v2\/users\/1"}],"replies":[{"embeddable":true,"href":"https:\/\/www.hgsempai.fr\/atelier\/index.php?rest_route=%2Fwp%2Fv2%2Fcomments&post=2963"}],"version-history":[{"count":1,"href":"https:\/\/www.hgsempai.fr\/atelier\/index.php?rest_route=\/wp\/v2\/posts\/2963\/revisions"}],"predecessor-version":[{"id":2965,"href":"https:\/\/www.hgsempai.fr\/atelier\/index.php?rest_route=\/wp\/v2\/posts\/2963\/revisions\/2965"}],"wp:featuredmedia":[{"embeddable":true,"href":"https:\/\/www.hgsempai.fr\/atelier\/index.php?rest_route=\/wp\/v2\/media\/2964"}],"wp:attachment":[{"href":"https:\/\/www.hgsempai.fr\/atelier\/index.php?rest_route=%2Fwp%2Fv2%2Fmedia&parent=2963"}],"wp:term":[{"taxonomy":"category","embeddable":true,"href":"https:\/\/www.hgsempai.fr\/atelier\/index.php?rest_route=%2Fwp%2Fv2%2Fcategories&post=2963"},{"taxonomy":"post_tag","embeddable":true,"href":"https:\/\/www.hgsempai.fr\/atelier\/index.php?rest_route=%2Fwp%2Fv2%2Ftags&post=2963"}],"curies":[{"name":"wp","href":"https:\/\/api.w.org\/{rel}","templated":true}]}}