{"id":2866,"date":"2021-04-26T18:00:00","date_gmt":"2021-04-26T18:00:00","guid":{"rendered":"http:\/\/www.hgsempai.fr\/atelier\/?p=2866"},"modified":"2021-04-21T15:00:39","modified_gmt":"2021-04-21T15:00:39","slug":"nationalite-citoyennete-francaise-et-citoyennete-europeenne","status":"publish","type":"post","link":"https:\/\/www.hgsempai.fr\/atelier\/?p=2866","title":{"rendered":"Nationalit\u00e9, citoyennet\u00e9 fran\u00e7aise et citoyennet\u00e9 europ\u00e9enne"},"content":{"rendered":"\n<h2 class=\"wp-block-heading\">1- Appartenir \u00e0 la nation fran\u00e7aise<\/h2>\n\n\n\n<figure class=\"wp-block-image size-large\"><img loading=\"lazy\" decoding=\"async\" width=\"1024\" height=\"645\" src=\"https:\/\/www.hgsempai.fr\/atelier\/wp-content\/uploads\/2021\/04\/nationalite_fra-1024x645.png\" alt=\"\" class=\"wp-image-2868\" srcset=\"https:\/\/www.hgsempai.fr\/atelier\/wp-content\/uploads\/2021\/04\/nationalite_fra-1024x645.png 1024w, https:\/\/www.hgsempai.fr\/atelier\/wp-content\/uploads\/2021\/04\/nationalite_fra-300x189.png 300w, https:\/\/www.hgsempai.fr\/atelier\/wp-content\/uploads\/2021\/04\/nationalite_fra-768x484.png 768w, https:\/\/www.hgsempai.fr\/atelier\/wp-content\/uploads\/2021\/04\/nationalite_fra-1536x968.png 1536w, https:\/\/www.hgsempai.fr\/atelier\/wp-content\/uploads\/2021\/04\/nationalite_fra-2048x1291.png 2048w\" sizes=\"auto, (max-width: 1024px) 100vw, 1024px\" \/><\/figure>\n\n\n\n<h2 class=\"wp-block-heading\">2- La citoyennet\u00e9 fran\u00e7aise procure des droits<\/h2>\n\n\n\n<figure class=\"wp-block-image size-large\"><img loading=\"lazy\" decoding=\"async\" width=\"873\" height=\"1024\" src=\"https:\/\/www.hgsempai.fr\/atelier\/wp-content\/uploads\/2021\/04\/citoyennete-873x1024.png\" alt=\"\" class=\"wp-image-2867\" srcset=\"https:\/\/www.hgsempai.fr\/atelier\/wp-content\/uploads\/2021\/04\/citoyennete-873x1024.png 873w, https:\/\/www.hgsempai.fr\/atelier\/wp-content\/uploads\/2021\/04\/citoyennete-256x300.png 256w, https:\/\/www.hgsempai.fr\/atelier\/wp-content\/uploads\/2021\/04\/citoyennete-768x900.png 768w, https:\/\/www.hgsempai.fr\/atelier\/wp-content\/uploads\/2021\/04\/citoyennete-1310x1536.png 1310w, https:\/\/www.hgsempai.fr\/atelier\/wp-content\/uploads\/2021\/04\/citoyennete-1747x2048.png 1747w\" sizes=\"auto, (max-width: 873px) 100vw, 873px\" \/><\/figure>\n\n\n\n<h2 class=\"wp-block-heading\">3- De la citoyennet\u00e9 fran\u00e7aise \u00e0 la citoyennet\u00e9 europ\u00e9enne<\/h2>\n\n\n\n<p>Comme citoyen fran\u00e7ais, je suis, de droit, citoyen europ\u00e9en. Ainsi, j\u2019ai acc\u00e8s \u00e0 des droits sp\u00e9cifiques octroy\u00e9s par l\u2019Europe. Je peux me d\u00e9placer et m\u2019installer librement dans un pays de l\u2019Union europ\u00e9enne.\u00c9tudiant, je pourrais faire une partie de mes \u00e9tudes en Finlande ou au Portugal par exemple et mes dipl\u00f4mes seront reconnus en France. Si je m\u2019y installe, je pourrais voter (et m\u00eame me pr\u00e9senter) pour les \u00e9lections locales de mon pays de r\u00e9sidence. Ma carte europ\u00e9enne d\u2019assurance-maladie me permettra d\u2019\u00eatre pris en charge en cas de besoin, lors d\u2019un voyage familial ou scolaire.<\/p>\n\n\n\n<hr class=\"wp-block-separator\"\/>\n","protected":false},"excerpt":{"rendered":"<p>1- Appartenir \u00e0 la nation fran\u00e7aise 2- La citoyennet\u00e9 fran\u00e7aise procure des droits 3- De la citoyennet\u00e9 fran\u00e7aise \u00e0 la citoyennet\u00e9 europ\u00e9enne Comme citoyen fran\u00e7ais, je suis, de droit, citoyen europ\u00e9en. Ainsi,&#46;&#46;&#46;<\/p>\n","protected":false},"author":1,"featured_media":2867,"comment_status":"open","ping_status":"open","sticky":false,"template":"","format":"standard","meta":{"footnotes":""},"categories":[283],"tags":[676,146,152,675],"class_list":["post-2866","post","type-post","status-publish","format-standard","has-post-thumbnail","hentry","category-education-civique-2","tag-citoyennete","tag-europe","tag-france","tag-nationalite"],"_links":{"self":[{"href":"https:\/\/www.hgsempai.fr\/atelier\/index.php?rest_route=\/wp\/v2\/posts\/2866","targetHints":{"allow":["GET"]}}],"collection":[{"href":"https:\/\/www.hgsempai.fr\/atelier\/index.php?rest_route=\/wp\/v2\/posts"}],"about":[{"href":"https:\/\/www.hgsempai.fr\/atelier\/index.php?rest_route=\/wp\/v2\/types\/post"}],"author":[{"embeddable":true,"href":"https:\/\/www.hgsempai.fr\/atelier\/index.php?rest_route=\/wp\/v2\/users\/1"}],"replies":[{"embeddable":true,"href":"https:\/\/www.hgsempai.fr\/atelier\/index.php?rest_route=%2Fwp%2Fv2%2Fcomments&post=2866"}],"version-history":[{"count":1,"href":"https:\/\/www.hgsempai.fr\/atelier\/index.php?rest_route=\/wp\/v2\/posts\/2866\/revisions"}],"predecessor-version":[{"id":2869,"href":"https:\/\/www.hgsempai.fr\/atelier\/index.php?rest_route=\/wp\/v2\/posts\/2866\/revisions\/2869"}],"wp:featuredmedia":[{"embeddable":true,"href":"https:\/\/www.hgsempai.fr\/atelier\/index.php?rest_route=\/wp\/v2\/media\/2867"}],"wp:attachment":[{"href":"https:\/\/www.hgsempai.fr\/atelier\/index.php?rest_route=%2Fwp%2Fv2%2Fmedia&parent=2866"}],"wp:term":[{"taxonomy":"category","embeddable":true,"href":"https:\/\/www.hgsempai.fr\/atelier\/index.php?rest_route=%2Fwp%2Fv2%2Fcategories&post=2866"},{"taxonomy":"post_tag","embeddable":true,"href":"https:\/\/www.hgsempai.fr\/atelier\/index.php?rest_route=%2Fwp%2Fv2%2Ftags&post=2866"}],"curies":[{"name":"wp","href":"https:\/\/api.w.org\/{rel}","templated":true}]}}