{"id":2629,"date":"2020-04-09T14:55:35","date_gmt":"2020-04-09T14:55:35","guid":{"rendered":"http:\/\/www.hgsempai.fr\/atelier\/?p=2629"},"modified":"2020-04-11T16:59:49","modified_gmt":"2020-04-11T16:59:49","slug":"versailles-symbole-du-pouvoir-absolu","status":"publish","type":"post","link":"https:\/\/www.hgsempai.fr\/atelier\/?p=2629","title":{"rendered":"Versailles, symbole du pouvoir absolu"},"content":{"rendered":"\n<h4 class=\"wp-block-heading\">Le plan simplifi\u00e9 de Versailles<\/h4>\n\n\n\n<div class=\"wp-block-image\"><figure class=\"aligncenter size-large is-resized\"><img loading=\"lazy\" decoding=\"async\" src=\"https:\/\/www.hgsempai.fr\/atelier\/wp-content\/uploads\/2020\/04\/versailles.png\" alt=\"\" class=\"wp-image-2630\" width=\"426\" height=\"849\" srcset=\"https:\/\/www.hgsempai.fr\/atelier\/wp-content\/uploads\/2020\/04\/versailles.png 438w, https:\/\/www.hgsempai.fr\/atelier\/wp-content\/uploads\/2020\/04\/versailles-151x300.png 151w\" sizes=\"auto, (max-width: 426px) 100vw, 426px\" \/><\/figure><\/div>\n\n\n\n<h4 class=\"wp-block-heading\">La Symbolique de Versailles<\/h4>\n\n\n\n<div class=\"wp-block-image\"><figure class=\"aligncenter size-large\"><img loading=\"lazy\" decoding=\"async\" width=\"438\" height=\"873\" src=\"https:\/\/www.hgsempai.fr\/atelier\/wp-content\/uploads\/2020\/04\/versailles_symbol-1.png\" alt=\"\" class=\"wp-image-2636\" srcset=\"https:\/\/www.hgsempai.fr\/atelier\/wp-content\/uploads\/2020\/04\/versailles_symbol-1.png 438w, https:\/\/www.hgsempai.fr\/atelier\/wp-content\/uploads\/2020\/04\/versailles_symbol-1-151x300.png 151w\" sizes=\"auto, (max-width: 438px) 100vw, 438px\" \/><\/figure><\/div>\n\n\n\n<h4 class=\"wp-block-heading\">Un petit slide pour passer de l&rsquo;un \u00e0 l&rsquo;autre.<\/h4>\n\n\n\n<iframe loading=\"lazy\" id=\"inlineFrameExample\" title=\"La symbolique de Versailles\" src=\"http:\/\/www.hgsempai.fr\/carto_slide\/versailles\/versailles\" width=\"800\" height=\"600\">\n<\/iframe>\n\n\n\n<p class=\"has-text-align-center\"><a href=\"http:\/\/www.hgsempai.fr\/carto_slide\/versailles\/versailles\" class=\"aioseop-link\">Acc\u00e9der au slide en cliquant sur ce lien<\/a><\/p>\n\n\n\n<h4 class=\"wp-block-heading\">Le fond vierge<\/h4>\n\n\n\n<div class=\"wp-block-image\"><figure class=\"aligncenter size-large\"><img loading=\"lazy\" decoding=\"async\" width=\"438\" height=\"873\" src=\"https:\/\/www.hgsempai.fr\/atelier\/wp-content\/uploads\/2020\/04\/versailles_nb.png\" alt=\"\" class=\"wp-image-2638\" srcset=\"https:\/\/www.hgsempai.fr\/atelier\/wp-content\/uploads\/2020\/04\/versailles_nb.png 438w, https:\/\/www.hgsempai.fr\/atelier\/wp-content\/uploads\/2020\/04\/versailles_nb-151x300.png 151w\" sizes=\"auto, (max-width: 438px) 100vw, 438px\" \/><figcaption><a href=\"https:\/\/www.hgsempai.fr\/atelier\/wp-content\/uploads\/2020\/04\/versailles_fond_vierge.pdf\" class=\"aioseop-link\">T\u00e9l\u00e9chargez ce fond au format pdf en cliquant sur ce lien<\/a><\/figcaption><\/figure><\/div>\n\n\n\n<h4 class=\"wp-block-heading\">La reconstitution de Versailles jusqu&rsquo;\u00e0 la R\u00e9volution<\/h4>\n\n\n\n<figure class=\"wp-block-embed-youtube wp-block-embed is-type-video is-provider-youtube wp-embed-aspect-16-9 wp-has-aspect-ratio\"><div class=\"wp-block-embed__wrapper\">\n<div class=\"video-container\"><iframe loading=\"lazy\" title=\"Reconstitution 3D: construction du ch\u00e2teau de Versailles jusqu&#039;\u00e0 la r\u00e9volution fran\u00e7aise\" width=\"500\" height=\"281\" src=\"https:\/\/www.youtube.com\/embed\/FSHzMdfu-60?feature=oembed&#038;wmode=opaque\" frameborder=\"0\" allow=\"accelerometer; autoplay; clipboard-write; encrypted-media; gyroscope; picture-in-picture; web-share\" referrerpolicy=\"strict-origin-when-cross-origin\" allowfullscreen><\/iframe><\/div>\n<\/div><figcaption>Une vid\u00e9o \u00e0 retrouver sur la chaine de <a href=\"https:\/\/www.youtube.com\/channel\/UCCwmwAUaTQcHNLjEBwkXGLA\">Sciences et avenir<\/a><\/figcaption><\/figure>\n\n\n\n<h4 class=\"wp-block-heading\">Versailles en drone<\/h4>\n\n\n\n<figure class=\"wp-block-embed-youtube wp-block-embed is-type-video is-provider-youtube wp-embed-aspect-16-9 wp-has-aspect-ratio\"><div class=\"wp-block-embed__wrapper\">\n<div class=\"video-container\"><iframe loading=\"lazy\" title=\"L&#039;\u0153il du drone sur le ch\u00e2teau de Versailles\" width=\"500\" height=\"281\" src=\"https:\/\/www.youtube.com\/embed\/CumwGUDOCCo?feature=oembed&#038;wmode=opaque\" frameborder=\"0\" allow=\"accelerometer; autoplay; clipboard-write; encrypted-media; gyroscope; picture-in-picture; web-share\" referrerpolicy=\"strict-origin-when-cross-origin\" allowfullscreen><\/iframe><\/div>\n<\/div><figcaption>Une vid\u00e9o \u00e0 retrouver sur la cha\u00eene du <a href=\"https:\/\/www.youtube.com\/channel\/UC4wIrWebH5ljiEnYOXMYiZg\">Ch\u00e2teau de Versailles<\/a><\/figcaption><\/figure>\n","protected":false},"excerpt":{"rendered":"<p>Le plan simplifi\u00e9 de Versailles La Symbolique de Versailles Un petit slide pour passer de l&rsquo;un \u00e0 l&rsquo;autre. Acc\u00e9der au slide en cliquant sur ce lien Le fond vierge La reconstitution de&#46;&#46;&#46;<\/p>\n","protected":false},"author":1,"featured_media":2630,"comment_status":"open","ping_status":"open","sticky":false,"template":"","format":"standard","meta":{"footnotes":""},"categories":[165],"tags":[334,85,619,621,622,620],"class_list":["post-2629","post","type-post","status-publish","format-standard","has-post-thumbnail","hentry","category-histoire","tag-5h3l3","tag-carte","tag-plan","tag-symboles","tag-symbolique","tag-versailles"],"_links":{"self":[{"href":"https:\/\/www.hgsempai.fr\/atelier\/index.php?rest_route=\/wp\/v2\/posts\/2629","targetHints":{"allow":["GET"]}}],"collection":[{"href":"https:\/\/www.hgsempai.fr\/atelier\/index.php?rest_route=\/wp\/v2\/posts"}],"about":[{"href":"https:\/\/www.hgsempai.fr\/atelier\/index.php?rest_route=\/wp\/v2\/types\/post"}],"author":[{"embeddable":true,"href":"https:\/\/www.hgsempai.fr\/atelier\/index.php?rest_route=\/wp\/v2\/users\/1"}],"replies":[{"embeddable":true,"href":"https:\/\/www.hgsempai.fr\/atelier\/index.php?rest_route=%2Fwp%2Fv2%2Fcomments&post=2629"}],"version-history":[{"count":9,"href":"https:\/\/www.hgsempai.fr\/atelier\/index.php?rest_route=\/wp\/v2\/posts\/2629\/revisions"}],"predecessor-version":[{"id":2643,"href":"https:\/\/www.hgsempai.fr\/atelier\/index.php?rest_route=\/wp\/v2\/posts\/2629\/revisions\/2643"}],"wp:featuredmedia":[{"embeddable":true,"href":"https:\/\/www.hgsempai.fr\/atelier\/index.php?rest_route=\/wp\/v2\/media\/2630"}],"wp:attachment":[{"href":"https:\/\/www.hgsempai.fr\/atelier\/index.php?rest_route=%2Fwp%2Fv2%2Fmedia&parent=2629"}],"wp:term":[{"taxonomy":"category","embeddable":true,"href":"https:\/\/www.hgsempai.fr\/atelier\/index.php?rest_route=%2Fwp%2Fv2%2Fcategories&post=2629"},{"taxonomy":"post_tag","embeddable":true,"href":"https:\/\/www.hgsempai.fr\/atelier\/index.php?rest_route=%2Fwp%2Fv2%2Ftags&post=2629"}],"curies":[{"name":"wp","href":"https:\/\/api.w.org\/{rel}","templated":true}]}}