{"id":2227,"date":"2018-05-28T07:23:42","date_gmt":"2018-05-28T07:23:42","guid":{"rendered":"http:\/\/www.hgsempai.fr\/atelier\/?p=2227"},"modified":"2018-08-07T08:21:17","modified_gmt":"2018-08-07T08:21:17","slug":"la-france-au-maroc-etudier-une-image-de-propagande","status":"publish","type":"post","link":"https:\/\/www.hgsempai.fr\/atelier\/?p=2227","title":{"rendered":"La France au Maroc: \u00c9tudier une image de propagande"},"content":{"rendered":"<h2>Le document:<\/h2>\n<p><a href=\"https:\/\/upload.wikimedia.org\/wikipedia\/commons\/9\/95\/Petil-journal.jpg\"><img loading=\"lazy\" decoding=\"async\" src=\"https:\/\/upload.wikimedia.org\/wikipedia\/commons\/9\/95\/Petil-journal.jpg\" alt=\"Petil-journal.jpg\" width=\"616\" height=\"900\" \/><\/a><br \/>\nPar <span lang=\"fr\">Inconnu<\/span> \u2014 Biblioth\u00e8que nationale de France, Domaine public, <a href=\"https:\/\/commons.wikimedia.org\/w\/index.php?curid=17908335\">Lien<\/a><\/p>\n<h2>Les Questions:<\/h2>\n<ol>\n<li>\n<h4 align=\"justify\">Quelle est la nature et la date du document\u00a0?<\/h4>\n<\/li>\n<li>\n<h4 align=\"justify\">Qu\u2019est-ce qui montre que la femme repr\u00e9sente la R\u00e9publique fran\u00e7aise\u00a0? Quelle est son attitude\u00a0?<\/h4>\n<\/li>\n<li>\n<h4 align=\"justify\">Comment est-elle accueillie par les Marocains\u00a0?<\/h4>\n<\/li>\n<li>\n<h4 align=\"justify\">Qu\u2019apporte la R\u00e9publique fran\u00e7aise aux Marocains\u00a0?<\/h4>\n<\/li>\n<li>\n<h4 align=\"justify\">Le message vous para\u00eet-il en rapport avec la r\u00e9alit\u00e9\u00a0?<\/h4>\n<\/li>\n<\/ol>\n<hr \/>\n<h2 align=\"justify\">Le corrig\u00e9:<\/h2>\n<p><iframe loading=\"lazy\" src=\"https:\/\/spark.adobe.com\/video\/Li5sy7eNvEIBT\/embed\" width=\"600\" height=\"360\" frameborder=\"0\" allowfullscreen><\/iframe><\/p>\n<h4 align=\"justify\">Quelle est la nature et la date du document\u00a0?<\/h4>\n<p align=\"justify\">Cette gravure couleur (auteur anonyme) est publi\u00e9e dans le suppl\u00e9ment illustr\u00e9 du Petit journal, quotidien populaire \u00e0 grand tirage (800 000 ex), plut\u00f4t nationaliste en novembre 1911<\/p>\n<p align=\"justify\">Concernant le contexte historique, un accord franco-allemand vient d\u2019\u00eatre sign\u00e9, qui \u00e9tablit d\u00e9finitivement un protectorat fran\u00e7ais sur le Maroc<\/p>\n<h4 align=\"justify\">Qu\u2019est-ce qui montre que la femme repr\u00e9sente la R\u00e9publique fran\u00e7aise\u00a0? Quelle est son attitude\u00a0?<\/h4>\n<p align=\"justify\">Il s\u2019agit de Marianne, elle est coiff\u00e9e du bonnet phrygien et sa tunique porte les couleurs de la France.<\/p>\n<p align=\"justify\">Elle est repr\u00e9sent\u00e9e la t\u00eate haute, bien \u00e9clair\u00e9e, tel un soleil radiant, symbolisant la paix et la bienveillance. Elle a une taille disproportionn\u00e9e par rapport aux autres personnages. Ces larges \u00e9paules lui permettent de supporter de lourdes charges et son opulente poitrine en fait une bonne m\u00e8re nourrici\u00e8re.<\/p>\n<h4 align=\"justify\">Comment est-elle accueillie par les Marocains\u00a0?<\/h4>\n<p align=\"justify\">Les Marocains sont tous petits devant elle. Ils t\u00e9moignent leur respect et leur reconnaissance. Les regards portent presque tous vers Marianne ce qui la met en valeur. Des formes de d\u00e9votion sont \u00e9galement pr\u00e9sentes : un Marocains touche la tunique (adoration) alors qu\u2019un autre, les bras en croix, semble prier.<\/p>\n<h4 align=\"justify\">Qu\u2019apporte la R\u00e9publique fran\u00e7aise aux Marocains\u00a0?<\/h4>\n<p align=\"justify\">Elle apporte l\u2019instruction (livre), des techniques (charrue) qui procurent des b\u00e9n\u00e9fices (corne d\u2019abondance d\u2019o\u00f9 sort la monnaie).<\/p>\n<h4 align=\"justify\">Le message vous para\u00eet-il en rapport avec la r\u00e9alit\u00e9\u00a0?<\/h4>\n<p align=\"justify\">Ce message ne para\u00eet pas en rapport avec la r\u00e9alit\u00e9 car les colonies ont \u00e9t\u00e9 conquises par des batailles et la m\u00e9tropoles a \u00e9galement des raisons \u00e9conomiques (exploitation de la colonie) et strat\u00e9giques \u00e0 la colonisation.<\/p>\n","protected":false},"excerpt":{"rendered":"<p>Le document: Par Inconnu \u2014 Biblioth\u00e8que nationale de France, Domaine public, Lien Les Questions: Quelle est la nature et la date du document\u00a0? Qu\u2019est-ce qui montre que la femme repr\u00e9sente la R\u00e9publique&#46;&#46;&#46;<\/p>\n","protected":false},"author":1,"featured_media":2242,"comment_status":"open","ping_status":"open","sticky":false,"template":"","format":"standard","meta":{"footnotes":""},"categories":[165],"tags":[347,103,152,533],"class_list":["post-2227","post","type-post","status-publish","format-standard","has-post-thumbnail","hentry","category-histoire","tag-4h2l2","tag-colonisation","tag-france","tag-maroc"],"_links":{"self":[{"href":"https:\/\/www.hgsempai.fr\/atelier\/index.php?rest_route=\/wp\/v2\/posts\/2227","targetHints":{"allow":["GET"]}}],"collection":[{"href":"https:\/\/www.hgsempai.fr\/atelier\/index.php?rest_route=\/wp\/v2\/posts"}],"about":[{"href":"https:\/\/www.hgsempai.fr\/atelier\/index.php?rest_route=\/wp\/v2\/types\/post"}],"author":[{"embeddable":true,"href":"https:\/\/www.hgsempai.fr\/atelier\/index.php?rest_route=\/wp\/v2\/users\/1"}],"replies":[{"embeddable":true,"href":"https:\/\/www.hgsempai.fr\/atelier\/index.php?rest_route=%2Fwp%2Fv2%2Fcomments&post=2227"}],"version-history":[{"count":9,"href":"https:\/\/www.hgsempai.fr\/atelier\/index.php?rest_route=\/wp\/v2\/posts\/2227\/revisions"}],"predecessor-version":[{"id":2243,"href":"https:\/\/www.hgsempai.fr\/atelier\/index.php?rest_route=\/wp\/v2\/posts\/2227\/revisions\/2243"}],"wp:featuredmedia":[{"embeddable":true,"href":"https:\/\/www.hgsempai.fr\/atelier\/index.php?rest_route=\/wp\/v2\/media\/2242"}],"wp:attachment":[{"href":"https:\/\/www.hgsempai.fr\/atelier\/index.php?rest_route=%2Fwp%2Fv2%2Fmedia&parent=2227"}],"wp:term":[{"taxonomy":"category","embeddable":true,"href":"https:\/\/www.hgsempai.fr\/atelier\/index.php?rest_route=%2Fwp%2Fv2%2Fcategories&post=2227"},{"taxonomy":"post_tag","embeddable":true,"href":"https:\/\/www.hgsempai.fr\/atelier\/index.php?rest_route=%2Fwp%2Fv2%2Ftags&post=2227"}],"curies":[{"name":"wp","href":"https:\/\/api.w.org\/{rel}","templated":true}]}}