{"id":1956,"date":"2017-06-13T19:10:43","date_gmt":"2017-06-13T19:10:43","guid":{"rendered":"http:\/\/www.hgsempai.fr\/atelier\/?p=1956"},"modified":"2017-06-13T19:10:43","modified_gmt":"2017-06-13T19:10:43","slug":"puigcerda-le-premier-hopital-transfrontalier-europeen","status":"publish","type":"post","link":"https:\/\/www.hgsempai.fr\/atelier\/?p=1956","title":{"rendered":"Puigcerda, le premier h\u00f4pital transfrontalier europ\u00e9en"},"content":{"rendered":"<ul>\n<li><strong>Un pearltrees sur le sujet<\/strong><\/li>\n<\/ul>\n<p><iframe loading=\"lazy\" style=\"border: 0px;\" src=\"\/\/www.pearltrees.com\/fsauzeau\/puigcerda\/id17789239?embed=2&amp;d=20170613218\" width=\"560\" height=\"413\"><\/iframe><span style=\"display: block; padding-top: 2px; color: #818181; font-size: 13px;\"><a style=\"color: #818181; font-size: 13px;\" href=\"http:\/\/www.pearltrees.com\/fsauzeau\/puigcerda\/id17789239\" target=\"_blank\" rel=\"noopener\">Puigcerda<\/a>, par <a style=\"color: #818181; font-size: 13px;\" href=\"http:\/\/www.pearltrees.com\/fsauzeau\" target=\"_blank\" rel=\"noopener\">fsauzeau<\/a><\/span><\/p>\n<ul>\n<li><strong>Un extrait de T\u00e9l\u00e9matin pour illustrer le sujet<\/strong><\/li>\n<\/ul>\n<p><iframe loading=\"lazy\" src=\"https:\/\/www.youtube.com\/embed\/Zxn42VitIqM\" width=\"560\" height=\"315\" frameborder=\"0\" allowfullscreen=\"allowfullscreen\"><\/iframe><\/p>\n<ul>\n<li><strong>La r\u00e9partition du financement de la construction de l&rsquo;h\u00f4pital<\/strong><\/li>\n<\/ul>\n<p><img loading=\"lazy\" decoding=\"async\" class=\"aligncenter size-medium wp-image-1957\" src=\"https:\/\/www.hgsempai.fr\/atelier\/wp-content\/uploads\/2017\/06\/financement-300x245.png\" alt=\"\" width=\"300\" height=\"245\" srcset=\"https:\/\/www.hgsempai.fr\/atelier\/wp-content\/uploads\/2017\/06\/financement-300x245.png 300w, https:\/\/www.hgsempai.fr\/atelier\/wp-content\/uploads\/2017\/06\/financement-768x627.png 768w, https:\/\/www.hgsempai.fr\/atelier\/wp-content\/uploads\/2017\/06\/financement.png 781w\" sizes=\"auto, (max-width: 300px) 100vw, 300px\" \/><\/p>\n","protected":false},"excerpt":{"rendered":"<p>Un pearltrees sur le sujet Puigcerda, par fsauzeau Un extrait de T\u00e9l\u00e9matin pour illustrer le sujet La r\u00e9partition du financement de la construction de l&rsquo;h\u00f4pital<\/p>\n","protected":false},"author":1,"featured_media":1957,"comment_status":"open","ping_status":"open","sticky":false,"template":"","format":"standard","meta":{"footnotes":""},"categories":[284],"tags":[359,461,464,460,146,465,152,463,462],"class_list":["post-1956","post","type-post","status-publish","format-standard","has-post-thumbnail","hentry","category-geographie-2","tag-3g3l1","tag-catalan","tag-catalogne","tag-eurodistrict","tag-europe","tag-feder","tag-france","tag-hopital","tag-puigcerda"],"_links":{"self":[{"href":"https:\/\/www.hgsempai.fr\/atelier\/index.php?rest_route=\/wp\/v2\/posts\/1956","targetHints":{"allow":["GET"]}}],"collection":[{"href":"https:\/\/www.hgsempai.fr\/atelier\/index.php?rest_route=\/wp\/v2\/posts"}],"about":[{"href":"https:\/\/www.hgsempai.fr\/atelier\/index.php?rest_route=\/wp\/v2\/types\/post"}],"author":[{"embeddable":true,"href":"https:\/\/www.hgsempai.fr\/atelier\/index.php?rest_route=\/wp\/v2\/users\/1"}],"replies":[{"embeddable":true,"href":"https:\/\/www.hgsempai.fr\/atelier\/index.php?rest_route=%2Fwp%2Fv2%2Fcomments&post=1956"}],"version-history":[{"count":1,"href":"https:\/\/www.hgsempai.fr\/atelier\/index.php?rest_route=\/wp\/v2\/posts\/1956\/revisions"}],"predecessor-version":[{"id":1958,"href":"https:\/\/www.hgsempai.fr\/atelier\/index.php?rest_route=\/wp\/v2\/posts\/1956\/revisions\/1958"}],"wp:featuredmedia":[{"embeddable":true,"href":"https:\/\/www.hgsempai.fr\/atelier\/index.php?rest_route=\/wp\/v2\/media\/1957"}],"wp:attachment":[{"href":"https:\/\/www.hgsempai.fr\/atelier\/index.php?rest_route=%2Fwp%2Fv2%2Fmedia&parent=1956"}],"wp:term":[{"taxonomy":"category","embeddable":true,"href":"https:\/\/www.hgsempai.fr\/atelier\/index.php?rest_route=%2Fwp%2Fv2%2Fcategories&post=1956"},{"taxonomy":"post_tag","embeddable":true,"href":"https:\/\/www.hgsempai.fr\/atelier\/index.php?rest_route=%2Fwp%2Fv2%2Ftags&post=1956"}],"curies":[{"name":"wp","href":"https:\/\/api.w.org\/{rel}","templated":true}]}}