{"id":1824,"date":"2016-12-22T09:05:19","date_gmt":"2016-12-22T09:05:19","guid":{"rendered":"http:\/\/www.hgsempai.fr\/atelier\/?p=1824"},"modified":"2019-09-01T14:11:46","modified_gmt":"2019-09-01T14:11:46","slug":"le-haut-doubs-un-espace-de-faibles-densites","status":"publish","type":"post","link":"https:\/\/www.hgsempai.fr\/atelier\/?p=1824","title":{"rendered":"Le Haut Doubs, un espace de faibles densit\u00e9s"},"content":{"rendered":"<ul>\n<li><strong>Un pearltrees sur le sujet<\/strong><\/li>\n<\/ul>\n<p><center><iframe loading=\"lazy\" style=\"border: 0px;\" src=\"\/\/www.pearltrees.com\/hg_sempai\/edc-haut-doubs\/id16800239?embed=2&amp;d=20161222944\" width=\"560\" height=\"413\"><\/iframe><span style=\"display: block; padding-top: 2px; color: #818181; font-size: 13px;\"><a style=\"color: #818181; font-size: 13px;\" href=\"http:\/\/www.pearltrees.com\/hg_sempai\/edc-haut-doubs\/id16800239\" target=\"_blank\" rel=\"noopener noreferrer\">EDC Haut Doubs<\/a>, par <a style=\"color: #818181; font-size: 13px;\" href=\"http:\/\/www.pearltrees.com\/hg_sempai\" target=\"_blank\" rel=\"noopener noreferrer\">hg_sempai<\/a><\/span><\/center><\/p>\n<ul>\n<li><strong>Localisation<\/strong><\/li>\n<\/ul>\n<p><a href=\"https:\/\/www.hgsempai.fr\/atelier\/wp-content\/uploads\/2016\/12\/doubs_localisation.png\"><img loading=\"lazy\" decoding=\"async\" class=\"size-medium wp-image-583 aligncenter\" src=\"https:\/\/www.hgsempai.fr\/atelier\/wp-content\/uploads\/2016\/12\/doubs_localisation-269x300.png\" alt=\"Doubs localisation\" width=\"300\" height=\"213\" \/><\/a><\/p>\n<ul>\n<li><strong>La faiblesse de l&#8217;emploi<\/strong><\/li>\n<\/ul>\n<p><a href=\"https:\/\/www.hgsempai.fr\/atelier\/wp-content\/uploads\/2016\/12\/doubs_evol_travail.png\"><img loading=\"lazy\" decoding=\"async\" class=\"size-medium wp-image-583 aligncenter\" src=\"https:\/\/www.hgsempai.fr\/atelier\/wp-content\/uploads\/2016\/12\/doubs_evol_travail-228x300.pngg\" alt=\"Doubs emploi\" width=\"300\" height=\"213\" \/><\/a><\/p>\n<ul>\n<li><strong>Un paysage typique<\/strong><\/li>\n<\/ul>\n<p><a href=\"https:\/\/commons.wikimedia.org\/wiki\/File:2012-04-27_07-39-47-vallee.jpg#\/media\/File:2012-04-27_07-39-47-vallee.jpg\"><img loading=\"lazy\" decoding=\"async\" class=\"aligncenter\" src=\"https:\/\/upload.wikimedia.org\/wikipedia\/commons\/f\/fe\/2012-04-27_07-39-47-vallee.jpg\" alt=\"2012-04-27 07-39-47-vallee.jpg\" width=\"640\" height=\"188\" \/><\/a><br \/>\nBy <a title=\"User:ComputerHotline\" href=\"\/\/commons.wikimedia.org\/wiki\/User:ComputerHotline\">Thomas Bresson<\/a> &#8211; <span class=\"int-own-work\" lang=\"en\">Own work<\/span>, <a title=\"Creative Commons Attribution 3.0\" href=\"http:\/\/creativecommons.org\/licenses\/by\/3.0\">CC BY 3.0<\/a>, <a href=\"https:\/\/commons.wikimedia.org\/w\/index.php?curid=19268233\">Link<\/a><\/p>\n<ul>\n<li><strong>Une carte pour illustrer la place du Haut Doubs dans la production nationale de granul\u00e9s de bois.<\/strong><\/li>\n<\/ul>\n<p><a href=\"https:\/\/www.hgsempai.fr\/atelier\/wp-content\/uploads\/2016\/12\/fra_granules_doubs.png\"><img loading=\"lazy\" decoding=\"async\" class=\"size-medium wp-image-557 aligncenter\" src=\"https:\/\/www.hgsempai.fr\/atelier\/wp-content\/uploads\/2016\/12\/fra_granules_doubs-300x229.png\" alt=\"Haut Doubs et production de granul\u00e9s bois\" width=\"208\" height=\"300\" \/><\/a><\/p>\n<ul>\n<li><strong>La for\u00eat en France<\/strong><\/li>\n<\/ul>\n<p><a href=\"http:\/\/www.hgsempai.fr\/carto\/wp-content\/uploads\/2016\/12\/boisement_ecosylve.png\"><img loading=\"lazy\" decoding=\"async\" class=\"size-medium wp-image-557 aligncenter\" src=\"http:\/\/www.hgsempai.fr\/carto\/wp-content\/uploads\/2016\/12\/boisement_ecosylve-208x300.png\" alt=\"\" width=\"208\" height=\"300\" \/><\/a><\/p>\n<ul>\n<li><strong>Le Doubs en chiffres<\/strong><\/li>\n<\/ul>\n<p><a href=\"https:\/\/www.hgsempai.fr\/atelier\/wp-content\/uploads\/2016\/12\/doubs_chiffres.png\"><img loading=\"lazy\" decoding=\"async\" class=\"size-medium wp-image-557 aligncenter\" src=\"https:\/\/www.hgsempai.fr\/atelier\/wp-content\/uploads\/2016\/12\/doubs_chiffres-287x300.png\" alt=\"doubs stat\" width=\"208\" height=\"300\" \/><\/a><\/p>\n<ul>\n<li><strong>Le savoir-faire du Haut Doubs \u00e0 l&rsquo;Exposition Universelle de Milan<\/strong><\/li>\n<\/ul>\n<p><center><iframe loading=\"lazy\" class=\"player\" title=\"Milan 2015 : Pr\u00e9sentation du Pavillon France \" src=\"https:\/\/webtv.agriculture.gouv.fr\/index.php\/player-html5-413f9fe07950f3f2f6b1e7e159754279.html\" width=\"576\" height=\"324\" frameborder=\"0\" scrolling=\"no\" allowfullscreen=\"allowfullscreen\"><noframes><img decoding=\"async\" alt=\"Milan 2015 : Pr\u00e9sentation du Pavillon France \" src=\"https:\/\/webtv.agriculture.gouv.fr\/ressources\/media\/photo-3856-milan-2015-presentation-du-pavillon-france.jpg\" \/><\/p>\n<h2>Milan 2015 : Pr\u00e9sentation du Pavillon France<\/h2>\n<p><strong><a href=\"https:\/\/webtv.agriculture.gouv.fr\/nom-exposition.html\">exposition<\/a><a href=\"https:\/\/webtv.agriculture.gouv.fr\/nom-universelle.html\">universelle<\/a><a href=\"https:\/\/webtv.agriculture.gouv.fr\/nom-milan-2015.html\">milan 2015<\/a><\/strong><\/p>\n<p>D\u00e9couvrez les images du <a href=\"https:\/\/webtv.agriculture.gouv.fr\/nom-pavillon.html\">pavillon<\/a><a href=\"https:\/\/webtv.agriculture.gouv.fr\/nom-france.html\">france<\/a> , u<span>n b\u00e2timent territoire de plus de 2 000 m2, dont 1 300 m2 sc\u00e9nographi\u00e9s.\u00a0<\/span><\/p>\n<p><span><span>Repr\u00e9sent\u00e9 par un paysage invers\u00e9, illustrant cette identit\u00e9 fran\u00e7aise n\u00e9e de ses territoires, mat\u00e9rialis\u00e9e dans le <a href=\"https:\/\/webtv.agriculture.gouv.fr\/nom-pavillon.html\">pavillon<\/a> par un plafond paysage qui mettra en sc\u00e8ne la sc\u00e9nographie avec les messages de la <a href=\"https:\/\/webtv.agriculture.gouv.fr\/nom-france.html\">france<\/a> , <strong>ses quatre piliers :\u00a0<\/strong><\/span><\/span><\/p>\n<p><span><span>&#8211; Contribuer \u00e0 la s\u00e9curit\u00e9 alimentaire mondiale, \u00a0<\/span><\/span><\/p>\n<p><span><span>&#8211; Produire plus et mieux,\u00a0<\/span><\/span><\/p>\n<p><span><span>&#8211; Contribuer \u00e0 ce que tous les peuples du monde puissent acc\u00e9der \u00e0 une alimentation de qualit\u00e9 et en quantit\u00e9 suffisante,\u00a0<\/span><\/span><\/p>\n<p><span><span>&#8211; Allier quantit\u00e9 et qualit\u00e9.\u00a0<\/span><\/span><\/p>\n<p><span><span><br \/>\n<\/span><\/span><\/p>\n<p><span>Pour en savoir plus <a title=\"Milan 2015\" href=\"http:\/\/alimentation.gouv.fr\/milan-2015\" target=\"_blank\" rel=\"noopener noreferrer\">alimentation.gouv.fr\/milan-2015 <\/a>\u00a0<\/span><\/p>\n<p>&nbsp;<\/p>\n<p>&nbsp;<\/p>\n<p>&nbsp;<\/p>\n<p>&nbsp;<\/p>\n<p>&nbsp;<\/p>\n<p>&nbsp;<\/p>\n<p>&nbsp;<\/p>\n<p>&nbsp;<\/p>\n<p>&nbsp;<\/p>\n<p><\/noframes><\/iframe><\/center><\/p>\n<ul>\n<li><strong>Le savoir-faire du Haut Doubs dans la construction<\/strong><\/li>\n<\/ul>\n<p><center><iframe loading=\"lazy\" src=\"\/\/embedftv-a.akamaihd.net\/f3741c64a6df7328a69b457c21fd45cd\" width=\"544\" height=\"306\" frameborder=\"0\" scrolling=\"no\" allowfullscreen=\"allowfullscreen\"><\/iframe><br \/>\n<a href=\"http:\/\/france3-regions.francetvinfo.fr\/franche-comte\/doubs\/haut-doubs\/haut-doubs-le-succes-des-maisons-en-bois-haut-de-gamme-796407.html\" target=\"_blank\" rel=\"noopener noreferrer\">Constructeur de maisons en bois<\/a><\/center><\/p>\n<ul>\n<li><strong>Tourisme et gastronomie<\/strong><\/li>\n<\/ul>\n<p><center><a href=\"https:\/\/commons.wikimedia.org\/wiki\/File:Produits_r%C3%A9gionaux_-_photo_CPPR.jpg#\/media\/File:Produits_r%C3%A9gionaux_-_photo_CPPR.jpg\"><img decoding=\"async\" src=\"https:\/\/upload.wikimedia.org\/wikipedia\/commons\/f\/ff\/Produits_r%C3%A9gionaux_-_photo_CPPR.jpg\" alt=\"Produits r\u00e9gionaux - photo CPPR.jpg\" \/><\/a><br \/>\n<a title=\"Creative Commons Attribution-Share Alike 3.0\" href=\"http:\/\/creativecommons.org\/licenses\/by-sa\/3.0\/\">CC BY-SA 3.0<\/a>, <a href=\"https:\/\/commons.wikimedia.org\/w\/index.php?curid=936561\">Lien<\/a><\/center><\/p>\n","protected":false},"excerpt":{"rendered":"<p>Un pearltrees sur le sujet EDC Haut Doubs, par hg_sempai Localisation La faiblesse de l&#8217;emploi Un paysage typique By Thomas Bresson &#8211; Own work, CC BY 3.0, Link Une carte pour illustrer&#46;&#46;&#46;<\/p>\n","protected":false},"author":1,"featured_media":1827,"comment_status":"open","ping_status":"open","sticky":false,"template":"","format":"standard","meta":{"footnotes":""},"categories":[284],"tags":[296,369,582,438,440,439,146,152,437],"class_list":["post-1824","post","type-post","status-publish","format-standard","has-post-thumbnail","hentry","category-geographie-2","tag-296","tag-3g1l3","tag-6g2l2","tag-bois","tag-densites","tag-doubs","tag-europe","tag-france","tag-granules"],"_links":{"self":[{"href":"https:\/\/www.hgsempai.fr\/atelier\/index.php?rest_route=\/wp\/v2\/posts\/1824","targetHints":{"allow":["GET"]}}],"collection":[{"href":"https:\/\/www.hgsempai.fr\/atelier\/index.php?rest_route=\/wp\/v2\/posts"}],"about":[{"href":"https:\/\/www.hgsempai.fr\/atelier\/index.php?rest_route=\/wp\/v2\/types\/post"}],"author":[{"embeddable":true,"href":"https:\/\/www.hgsempai.fr\/atelier\/index.php?rest_route=\/wp\/v2\/users\/1"}],"replies":[{"embeddable":true,"href":"https:\/\/www.hgsempai.fr\/atelier\/index.php?rest_route=%2Fwp%2Fv2%2Fcomments&post=1824"}],"version-history":[{"count":11,"href":"https:\/\/www.hgsempai.fr\/atelier\/index.php?rest_route=\/wp\/v2\/posts\/1824\/revisions"}],"predecessor-version":[{"id":2444,"href":"https:\/\/www.hgsempai.fr\/atelier\/index.php?rest_route=\/wp\/v2\/posts\/1824\/revisions\/2444"}],"wp:featuredmedia":[{"embeddable":true,"href":"https:\/\/www.hgsempai.fr\/atelier\/index.php?rest_route=\/wp\/v2\/media\/1827"}],"wp:attachment":[{"href":"https:\/\/www.hgsempai.fr\/atelier\/index.php?rest_route=%2Fwp%2Fv2%2Fmedia&parent=1824"}],"wp:term":[{"taxonomy":"category","embeddable":true,"href":"https:\/\/www.hgsempai.fr\/atelier\/index.php?rest_route=%2Fwp%2Fv2%2Fcategories&post=1824"},{"taxonomy":"post_tag","embeddable":true,"href":"https:\/\/www.hgsempai.fr\/atelier\/index.php?rest_route=%2Fwp%2Fv2%2Ftags&post=1824"}],"curies":[{"name":"wp","href":"https:\/\/api.w.org\/{rel}","templated":true}]}}