{"id":1666,"date":"2016-05-01T12:49:21","date_gmt":"2016-05-01T12:49:21","guid":{"rendered":"http:\/\/www.hgsempai.fr\/atelier\/?p=1666"},"modified":"2020-03-12T15:31:48","modified_gmt":"2020-03-12T15:31:48","slug":"detroit-dans-la-mondialisation-apres-la-crise-leclaircie","status":"publish","type":"post","link":"https:\/\/www.hgsempai.fr\/atelier\/?p=1666","title":{"rendered":"D\u00e9troit dans la mondialisation: apr\u00e8s la crise, l&rsquo;\u00e9claircie?"},"content":{"rendered":"\n<h4 class=\"wp-block-heading\">La skyline de D\u00e9troit \u00e0 travers le temps<\/h4>\n\n\n\n<figure class=\"wp-block-image size-large\"><img decoding=\"async\" src=\"https:\/\/upload.wikimedia.org\/wikipedia\/commons\/5\/5d\/Detroit%2C_Michigan%2C_skyline_ca._1929.png\" alt=\"\"\/><figcaption>La skyline en 1929 &#8211; Source: Wikimedia Common<\/figcaption><\/figure>\n\n\n\n<figure class=\"wp-block-image size-large\"><img decoding=\"async\" src=\"https:\/\/upload.wikimedia.org\/wikipedia\/commons\/thumb\/3\/3e\/Skyline_of_Detroit%2C_Michigan_from_S_2014-12-07.jpg\/1920px-Skyline_of_Detroit%2C_Michigan_from_S_2014-12-07.jpg\" alt=\"\"\/><figcaption>La skyline line aujourd&rsquo;hui &#8211; Source: Par Crisco 1492 \u2014 Travail personnel, CC BY-SA 4.0, https:\/\/commons.wikimedia.org\/w\/index.php?curid=37189392<\/figcaption><\/figure>\n\n\n\n<h4 class=\"wp-block-heading\">Vue a\u00e9rienne du centre-ville<\/h4>\n\n\n\n<figure class=\"wp-block-image size-large\"><img decoding=\"async\" src=\"https:\/\/upload.wikimedia.org\/wikipedia\/commons\/1\/1f\/Aerial_View_of_Downtown_Detroit.jpg\" alt=\"\"\/><figcaption>By Barbara Eckstein &#8211; originally posted to Flickr as Downtown Detroit, CC BY 2.0, https:\/\/commons.wikimedia.org\/w\/index.php?curid=27449394<\/figcaption><\/figure>\n\n\n\n<h4 class=\"wp-block-heading\">Une ville en crise<\/h4>\n\n\n\n<figure class=\"wp-block-image size-large\"><img decoding=\"async\" src=\"https:\/\/upload.wikimedia.org\/wikipedia\/commons\/thumb\/2\/2e\/ParkAvenueHotelDetroit.jpg\/800px-ParkAvenueHotelDetroit.jpg\" alt=\"\"\/><figcaption>By Andrew Jameson &#8211; Own work, CC BY-SA 3.0, https:\/\/commons.wikimedia.org\/w\/index.php?curid=4375167<\/figcaption><\/figure>\n\n\n\n<h4 class=\"wp-block-heading\"> <span style=\"text-decoration: underline;\"><strong>Un graphique pour illustrer la d\u00e9prise d\u00e9mographique<\/strong><\/span> <\/h4>\n\n\n\n<div class=\"wp-block-image\"><figure class=\"aligncenter\"><a href=\"https:\/\/www.hgsempai.fr\/atelier\/wp-content\/uploads\/2016\/05\/detroit.png\"><img decoding=\"async\" src=\"https:\/\/www.hgsempai.fr\/atelier\/wp-content\/uploads\/2016\/05\/detroit_pop-300x277.png\" alt=\"detroit pop\" class=\"wp-image-368\"\/><\/a><\/figure><\/div>\n\n\n\n<h4 class=\"wp-block-heading\"> <span style=\"text-decoration: underline;\"><strong>Le m\u00eame graphique avec l&rsquo;\u00e9volution sp\u00e9cifique de la population noire<\/strong><\/span> <\/h4>\n\n\n\n<div class=\"wp-block-image\"><figure class=\"aligncenter\"><a href=\"https:\/\/www.hgsempai.fr\/atelier\/wp-content\/uploads\/2016\/05\/detroit_pop2.png\"><img decoding=\"async\" src=\"https:\/\/www.hgsempai.fr\/atelier\/wp-content\/uploads\/2016\/05\/detroit_pop2.png\" alt=\"detroit pop detail\" class=\"wp-image-368\"\/><\/a><\/figure><\/div>\n\n\n\n<h4 class=\"wp-block-heading\"> <span style=\"text-decoration: underline;\"><strong>Une frise chronologique reprenant l&rsquo;\u00e9volution de la population<\/strong><\/span> <\/h4>\n\n\n\n<div class=\"wp-block-image\"><figure class=\"aligncenter\"><a href=\"https:\/\/www.hgsempai.fr\/atelier\/wp-content\/uploads\/2016\/05\/detroit_frise.png\"><img decoding=\"async\" src=\"https:\/\/www.hgsempai.fr\/atelier\/wp-content\/uploads\/2016\/05\/detroit_frise-300x193.png\" alt=\"detroit frise\" class=\"wp-image-368\"\/><\/a><\/figure><\/div>\n\n\n\n<h4 class=\"wp-block-heading\">Une baisse de la population qui touche surtout le centre de la m\u00e9tropole<\/h4>\n\n\n\n<div class=\"wp-block-image\"><figure class=\"aligncenter size-large\"><img loading=\"lazy\" decoding=\"async\" width=\"587\" height=\"415\" src=\"https:\/\/www.hgsempai.fr\/atelier\/wp-content\/uploads\/2020\/03\/detroit_evol_pop_comparee.png\" alt=\"\" class=\"wp-image-2572\" srcset=\"https:\/\/www.hgsempai.fr\/atelier\/wp-content\/uploads\/2020\/03\/detroit_evol_pop_comparee.png 587w, https:\/\/www.hgsempai.fr\/atelier\/wp-content\/uploads\/2020\/03\/detroit_evol_pop_comparee-300x212.png 300w\" sizes=\"auto, (max-width: 587px) 100vw, 587px\" \/><\/figure><\/div>\n\n\n\n<h4 class=\"wp-block-heading\"> <span style=\"text-decoration: underline;\"><strong>Detroit au sein d&rsquo;un ensemble puissant<\/strong><\/span> <\/h4>\n\n\n\n<figure class=\"wp-block-image size-large\"><img decoding=\"async\" src=\"http:\/\/www.hgsempai.fr\/carto\/wp-content\/uploads\/2016\/04\/main_street.png\" alt=\"\"\/><figcaption><a href=\"http:\/\/www.hgsempai.fr\/carto\/\">Retrouvez cette carte sur l&rsquo;atelier carto d&rsquo;HG Sempai<\/a><\/figcaption><\/figure>\n","protected":false},"excerpt":{"rendered":"<p>La skyline de D\u00e9troit \u00e0 travers le temps Vue a\u00e9rienne du centre-ville Une ville en crise Un graphique pour illustrer la d\u00e9prise d\u00e9mographique Le m\u00eame graphique avec l&rsquo;\u00e9volution sp\u00e9cifique de la population&#46;&#46;&#46;<\/p>\n","protected":false},"author":1,"featured_media":1669,"comment_status":"open","ping_status":"open","sticky":false,"template":"","format":"standard","meta":{"footnotes":""},"categories":[284],"tags":[353,354,367,355,396,145,202],"class_list":["post-1666","post","type-post","status-publish","format-standard","has-post-thumbnail","hentry","category-geographie-2","tag-4g1l1","tag-4g1l2","tag-4g3l2","tag-6g1l1","tag-detroit","tag-etats-unis","tag-mondialisation"],"_links":{"self":[{"href":"https:\/\/www.hgsempai.fr\/atelier\/index.php?rest_route=\/wp\/v2\/posts\/1666","targetHints":{"allow":["GET"]}}],"collection":[{"href":"https:\/\/www.hgsempai.fr\/atelier\/index.php?rest_route=\/wp\/v2\/posts"}],"about":[{"href":"https:\/\/www.hgsempai.fr\/atelier\/index.php?rest_route=\/wp\/v2\/types\/post"}],"author":[{"embeddable":true,"href":"https:\/\/www.hgsempai.fr\/atelier\/index.php?rest_route=\/wp\/v2\/users\/1"}],"replies":[{"embeddable":true,"href":"https:\/\/www.hgsempai.fr\/atelier\/index.php?rest_route=%2Fwp%2Fv2%2Fcomments&post=1666"}],"version-history":[{"count":10,"href":"https:\/\/www.hgsempai.fr\/atelier\/index.php?rest_route=\/wp\/v2\/posts\/1666\/revisions"}],"predecessor-version":[{"id":2573,"href":"https:\/\/www.hgsempai.fr\/atelier\/index.php?rest_route=\/wp\/v2\/posts\/1666\/revisions\/2573"}],"wp:featuredmedia":[{"embeddable":true,"href":"https:\/\/www.hgsempai.fr\/atelier\/index.php?rest_route=\/wp\/v2\/media\/1669"}],"wp:attachment":[{"href":"https:\/\/www.hgsempai.fr\/atelier\/index.php?rest_route=%2Fwp%2Fv2%2Fmedia&parent=1666"}],"wp:term":[{"taxonomy":"category","embeddable":true,"href":"https:\/\/www.hgsempai.fr\/atelier\/index.php?rest_route=%2Fwp%2Fv2%2Fcategories&post=1666"},{"taxonomy":"post_tag","embeddable":true,"href":"https:\/\/www.hgsempai.fr\/atelier\/index.php?rest_route=%2Fwp%2Fv2%2Ftags&post=1666"}],"curies":[{"name":"wp","href":"https:\/\/api.w.org\/{rel}","templated":true}]}}