{"id":125,"date":"2014-10-14T16:14:00","date_gmt":"2014-10-14T16:14:00","guid":{"rendered":"http:\/\/www.hgsempai.fr\/atelier\/?p=125"},"modified":"2015-11-30T20:15:31","modified_gmt":"2015-11-30T20:15:31","slug":"les-annexions-allemandes-1935-1939","status":"publish","type":"post","link":"https:\/\/www.hgsempai.fr\/atelier\/?p=125","title":{"rendered":"Les annexions allemandes (1935 &#8211; 1939)"},"content":{"rendered":"<div>\n<ul>\n<li><span style=\"text-decoration: underline;\"><strong>La carte des annexions allemandes (1935 &#8211; 1939)<\/strong><\/span><\/li>\n<\/ul>\n<p style=\"text-align: center;\"><a href=\"https:\/\/www.hgsempai.fr\/atelier\/wp-content\/uploads\/2014\/10\/99524726.png\" name=\"IMG_99524726\"><img decoding=\"async\" class=\"aligncenter size-medium\" src=\"https:\/\/www.hgsempai.fr\/atelier\/wp-content\/uploads\/2014\/10\/99524726.png\" alt=\"\" \/><\/a>la carte au format \u00a0pdf (<a href=\"https:\/\/www.hgsempai.fr\/atelier\/wp-content\/uploads\/2014\/10\/99524784.pdf\">all_anex<\/a>)<\/p>\n<ul>\n<li><span style=\"text-decoration: underline;\"><strong>La mont\u00e9e des p\u00e9rils en Europe \u00e0 la fin des ann\u00e9es 1930<\/strong><\/span><\/li>\n<\/ul>\n<p><a href=\"https:\/\/www.hgsempai.fr\/atelier\/wp-content\/uploads\/2014\/10\/99616861.png\" name=\"IMG_99616861\"><img decoding=\"async\" class=\"aligncenter size-medium\" src=\"https:\/\/www.hgsempai.fr\/atelier\/wp-content\/uploads\/2014\/10\/99616861.png\" alt=\"\" \/><\/a><\/p>\n<p>&nbsp;<\/p>\n<p style=\"text-align: center;\">La carte au format \u00a0pdf (<a href=\"https:\/\/www.hgsempai.fr\/atelier\/wp-content\/uploads\/2014\/10\/99616979.pdf\">montee_peril<\/a>)<\/p>\n<div style=\"clear: both;\"><\/div>\n<\/div>\n","protected":false},"excerpt":{"rendered":"<p>La carte des annexions allemandes (1935 &#8211; 1939) la carte au format \u00a0pdf (all_anex) La mont\u00e9e des p\u00e9rils en Europe \u00e0 la fin des ann\u00e9es 1930 &nbsp; La carte au format \u00a0pdf&#46;&#46;&#46;<\/p>\n","protected":false},"author":2,"featured_media":126,"comment_status":"open","ping_status":"open","sticky":false,"template":"","format":"standard","meta":{"footnotes":""},"categories":[165],"tags":[343,342,18,19,71,144,322,251],"class_list":["post-125","post","type-post","status-publish","format-standard","has-post-thumbnail","hentry","category-histoire","tag-3h1l2","tag-3h1l3","tag-3h2t2","tag-3h2t3","tag-allemagne","tag-etats-totalitaires","tag-histoire","tag-seconde-guerre-mondiale"],"_links":{"self":[{"href":"https:\/\/www.hgsempai.fr\/atelier\/index.php?rest_route=\/wp\/v2\/posts\/125","targetHints":{"allow":["GET"]}}],"collection":[{"href":"https:\/\/www.hgsempai.fr\/atelier\/index.php?rest_route=\/wp\/v2\/posts"}],"about":[{"href":"https:\/\/www.hgsempai.fr\/atelier\/index.php?rest_route=\/wp\/v2\/types\/post"}],"author":[{"embeddable":true,"href":"https:\/\/www.hgsempai.fr\/atelier\/index.php?rest_route=\/wp\/v2\/users\/2"}],"replies":[{"embeddable":true,"href":"https:\/\/www.hgsempai.fr\/atelier\/index.php?rest_route=%2Fwp%2Fv2%2Fcomments&post=125"}],"version-history":[{"count":1,"href":"https:\/\/www.hgsempai.fr\/atelier\/index.php?rest_route=\/wp\/v2\/posts\/125\/revisions"}],"predecessor-version":[{"id":928,"href":"https:\/\/www.hgsempai.fr\/atelier\/index.php?rest_route=\/wp\/v2\/posts\/125\/revisions\/928"}],"wp:featuredmedia":[{"embeddable":true,"href":"https:\/\/www.hgsempai.fr\/atelier\/index.php?rest_route=\/wp\/v2\/media\/126"}],"wp:attachment":[{"href":"https:\/\/www.hgsempai.fr\/atelier\/index.php?rest_route=%2Fwp%2Fv2%2Fmedia&parent=125"}],"wp:term":[{"taxonomy":"category","embeddable":true,"href":"https:\/\/www.hgsempai.fr\/atelier\/index.php?rest_route=%2Fwp%2Fv2%2Fcategories&post=125"},{"taxonomy":"post_tag","embeddable":true,"href":"https:\/\/www.hgsempai.fr\/atelier\/index.php?rest_route=%2Fwp%2Fv2%2Ftags&post=125"}],"curies":[{"name":"wp","href":"https:\/\/api.w.org\/{rel}","templated":true}]}}